{"id":72660,"date":"2026-01-30T16:11:51","date_gmt":"2026-01-30T15:11:51","guid":{"rendered":"https:\/\/meblekuchenne.pl\/sklep\/?p=72660"},"modified":"2026-02-02T16:20:36","modified_gmt":"2026-02-02T15:20:36","slug":"kuchnia-modulowa-na-wymiar-czy-premium-jak-od-stolarza-roznice-plusy-i-minusy","status":"publish","type":"post","link":"https:\/\/meblekuchenne.pl\/sklep\/kuchnia-modulowa-na-wymiar-czy-premium-jak-od-stolarza-roznice-plusy-i-minusy\/","title":{"rendered":"Kuchnia modu\u0142owa na wymiar czy premium jak od stolarza? R\u00f3\u017cnice, plusy i minusy"},"content":{"rendered":"\t\t<div data-elementor-type=\"wp-post\" data-elementor-id=\"72660\" class=\"elementor elementor-72660\" data-elementor-post-type=\"post\">\n\t\t\t\t<div class=\"elementor-element elementor-element-7ae0973f e-flex e-con-boxed e-con e-parent\" data-id=\"7ae0973f\" data-element_type=\"container\">\n\t\t\t\t\t<div class=\"e-con-inner\">\n\t\t\t\t<div class=\"elementor-element elementor-element-3bc22d9 elementor-widget elementor-widget-text-editor\" data-id=\"3bc22d9\" data-element_type=\"widget\" data-widget_type=\"text-editor.default\">\n\t\t\t\t<div class=\"elementor-widget-container\">\n\t\t\t\t\t\t\t\t\t<p data-start=\"389\" data-end=\"717\">Je\u015bli jeste\u015b na etapie wyboru kuchni, pr\u0119dzej czy p\u00f3\u017aniej pojawia si\u0119 dylemat: <strong data-start=\"468\" data-end=\"498\">kuchnia modu\u0142owa na wymiar<\/strong> czy <strong data-start=\"503\" data-end=\"538\">kuchnia premium jak od stolarza<\/strong>. Obie opcje mog\u0105 da\u0107 \u015bwietny efekt \u2014 r\u00f3\u017cni\u0105 si\u0119 jednak poziomem personalizacji, bud\u017cetem, liczb\u0105 decyzji po drodze i tym, jak elastycznie da si\u0119 dopasowa\u0107 meble do pomieszczenia.<\/p>\t\t\t\t\t\t\t\t<\/div>\n\t\t\t\t<\/div>\n\t\t\t\t<div class=\"elementor-element elementor-element-c8f6ae8 elementor-widget elementor-widget-image\" data-id=\"c8f6ae8\" data-element_type=\"widget\" data-widget_type=\"image.default\">\n\t\t\t\t<div class=\"elementor-widget-container\">\n\t\t\t\t\t\t\t\t\t\t\t\t\t\t\t<img fetchpriority=\"high\" decoding=\"async\" width=\"800\" height=\"462\" src=\"https:\/\/meblekuchenne.pl\/sklep\/wp-content\/uploads\/2026\/01\/kuchnia-modulowa-1024x591.webp\" class=\"attachment-large size-large wp-image-72706\" alt=\"Nowoczesna kuchnia z zielonymi frontami i drewnian\u0105 wysp\u0105 \u2013 inspiracja do por\u00f3wnania kuchni modu\u0142owej na wymiar i premium jak od stolarza\" srcset=\"https:\/\/meblekuchenne.pl\/sklep\/wp-content\/uploads\/2026\/01\/kuchnia-modulowa-1024x591.webp 1024w, https:\/\/meblekuchenne.pl\/sklep\/wp-content\/uploads\/2026\/01\/kuchnia-modulowa-300x173.webp 300w, https:\/\/meblekuchenne.pl\/sklep\/wp-content\/uploads\/2026\/01\/kuchnia-modulowa-768x443.webp 768w, https:\/\/meblekuchenne.pl\/sklep\/wp-content\/uploads\/2026\/01\/kuchnia-modulowa-600x346.webp 600w, https:\/\/meblekuchenne.pl\/sklep\/wp-content\/uploads\/2026\/01\/kuchnia-modulowa.webp 1304w\" sizes=\"(max-width: 800px) 100vw, 800px\" \/>\t\t\t\t\t\t\t\t\t\t\t\t\t\t\t<\/div>\n\t\t\t\t<\/div>\n\t\t\t\t<div class=\"elementor-element elementor-element-618a54a elementor-widget elementor-widget-shortcode\" data-id=\"618a54a\" data-element_type=\"widget\" data-widget_type=\"shortcode.default\">\n\t\t\t\t<div class=\"elementor-widget-container\">\n\t\t\t\t\t\t\t<div class=\"elementor-shortcode\"><div class=\"spis-tresci\"><h2>Spis tre\u015bci<\/h2><ol class=\"toc-list\"><ol><li><a href=\"#\" data-toc-text=\"Czym w praktyce jest \u201ekuchnia modu\u0142owa na wymiar\u201d?\">Czym w praktyce jest \u201ekuchnia modu\u0142owa na wymiar\u201d?<\/a><\/li><ol><li><a href=\"#\" data-toc-text=\"Najwi\u0119ksze plusy\">Najwi\u0119ksze plusy<\/a><\/li><li><a href=\"#\" data-toc-text=\"Najcz\u0119stsze minusy\">Najcz\u0119stsze minusy<\/a><\/li><\/ol><li><a href=\"#\" data-toc-text=\"Kuchnia premium \u201ejak od stolarza\u201d \u2013 co realnie dostajesz\">Kuchnia premium \u201ejak od stolarza\u201d \u2013 co realnie dostajesz<\/a><\/li><ol><li><a href=\"#\" data-toc-text=\"Najwi\u0119ksze plusy\">Najwi\u0119ksze plusy<\/a><\/li><li><a href=\"#\" data-toc-text=\"Najcz\u0119stsze minusy\">Najcz\u0119stsze minusy<\/a><\/li><\/ol><li><a href=\"#\" data-toc-text=\"Por\u00f3wnanie w praktyce - kuchnia modu\u0142owa na wymiar czy kuchnia premium?\">Por\u00f3wnanie w praktyce - kuchnia modu\u0142owa na wymiar czy kuchnia premium?<\/a><\/li><li><a href=\"#\" data-toc-text=\"Kiedy maskownice (wype\u0142nienia) s\u0105 konieczne, nawet w kuchni modu\u0142owej na wymiar?\">Kiedy maskownice (wype\u0142nienia) s\u0105 konieczne, nawet w kuchni modu\u0142owej na wymiar?<\/a><\/li><ol><li><a href=\"#\" data-toc-text=\"1) Kolizje otwierania przy \u015bcianie (fronty, uchwyty, szuflady)\">1) Kolizje otwierania przy \u015bcianie (fronty, uchwyty, szuflady)<\/a><\/li><li><a href=\"#\" data-toc-text=\"2) Sprz\u0119ty AGD przy \u015bcianie lub przy zabudowie wysokiej\">2) Sprz\u0119ty AGD przy \u015bcianie lub przy zabudowie wysokiej<\/a><\/li><li><a href=\"#\" data-toc-text=\"3) Krzywe \u015bciany i \u201eniespodzianki budowlane\u201d\">3) Krzywe \u015bciany i \u201eniespodzianki budowlane\u201d<\/a><\/li><li><a href=\"#\" data-toc-text=\"4) Opaski drzwi, grzejniki i wystaj\u0105ce elementy\">4) Opaski drzwi, grzejniki i wystaj\u0105ce elementy<\/a><\/li><li><a href=\"#\" data-toc-text=\"5) Naro\u017cniki i rozwi\u0105zania specjalne (cargo, LeMans, naro\u017cne zlewowe)\">5) Naro\u017cniki i rozwi\u0105zania specjalne (cargo, LeMans, naro\u017cne zlewowe)<\/a><\/li><li><a href=\"#\" data-toc-text=\"6) Zale\u017cno\u015b\u0107 od rodzaju uchwyt\u00f3w i sposobu otwierania\">6) Zale\u017cno\u015b\u0107 od rodzaju uchwyt\u00f3w i sposobu otwierania<\/a><\/li><li><a href=\"#\" data-toc-text=\"7) \u015awiadome \u201ewyr\u00f3wnanie\u201d zabudowy i estetyczne domkni\u0119cie\">7) \u015awiadome \u201ewyr\u00f3wnanie\u201d zabudowy i estetyczne domkni\u0119cie<\/a><\/li><li><a href=\"#\" data-toc-text=\"Jak to podej\u015b\u0107 praktycznie (bez stresu)\">Jak to podej\u015b\u0107 praktycznie (bez stresu)<\/a><\/li><\/ol><li><a href=\"#\" data-toc-text=\"Kuchnia modu\u0142owa na wymiar czy premium? Nie wiesz kt\u00f3r\u0105 kuchni\u0119 wybra\u0107? Odpowiedz na te 5 pyta\u0144:\">Kuchnia modu\u0142owa na wymiar czy premium? Nie wiesz kt\u00f3r\u0105 kuchni\u0119 wybra\u0107? Odpowiedz na te 5 pyta\u0144:<\/a><\/li><li><a href=\"#\" data-toc-text=\"Projekt kuchni + wycena - najprostszy spos\u00f3b, \u017ceby nie zgadywa\u0107\u00a0\">Projekt kuchni + wycena - najprostszy spos\u00f3b, \u017ceby nie zgadywa\u0107\u00a0<\/a><\/li><li><a href=\"#\" data-toc-text=\"FAQ: kuchnia modu\u0142owa na wymiar czy premium?\">FAQ: kuchnia modu\u0142owa na wymiar czy premium?<\/a><\/li><ol><li><a href=\"#\" data-toc-text=\"Czy kuchnia modu\u0142owa mo\u017ce by\u0107 \u201ena wymiar\u201d?\">Czy kuchnia modu\u0142owa mo\u017ce by\u0107 \u201ena wymiar\u201d?<\/a><\/li><li><a href=\"#\" data-toc-text=\"Jaka jest g\u0142\u00f3wna r\u00f3\u017cnica mi\u0119dzy modu\u0142ow\u0105 na wymiar a premium \u201ejak od stolarza\u201d?\">Jaka jest g\u0142\u00f3wna r\u00f3\u017cnica mi\u0119dzy modu\u0142ow\u0105 na wymiar a premium \u201ejak od stolarza\u201d?<\/a><\/li><li><a href=\"#\" data-toc-text=\"Czy kuchnia modu\u0142owa na wymiar zawsze jest bez maskownic?\">Czy kuchnia modu\u0142owa na wymiar zawsze jest bez maskownic?<\/a><\/li><li><a href=\"#\" data-toc-text=\"Kiedy maskownica jest lepszym rozwi\u0105zaniem ni\u017c \u201ekombinowanie\u201d modu\u0142ami?\">Kiedy maskownica jest lepszym rozwi\u0105zaniem ni\u017c \u201ekombinowanie\u201d modu\u0142ami?<\/a><\/li><li><a href=\"#\" data-toc-text=\"Kiedy wybra\u0107 kuchni\u0119 premium \u201ejak od stolarza\u201d?\">Kiedy wybra\u0107 kuchni\u0119 premium \u201ejak od stolarza\u201d?<\/a><\/li><li><a href=\"#\" data-toc-text=\"Co najcz\u0119\u015bciej podbija koszt kuchni \u2014 modu\u0142owej i premium?\">Co najcz\u0119\u015bciej podbija koszt kuchni \u2014 modu\u0142owej i premium?<\/a><\/li><li><a href=\"#\" data-toc-text=\"Czy premium oznacza \u201elepsz\u0105 ergonomi\u0119\u201d?\">Czy premium oznacza \u201elepsz\u0105 ergonomi\u0119\u201d?<\/a><\/li><li><a href=\"#\" data-toc-text=\"Czy lepiej zacz\u0105\u0107 od modu\u0142owej na wymiar, a dopiero potem rozwa\u017cy\u0107 premium?\">Czy lepiej zacz\u0105\u0107 od modu\u0142owej na wymiar, a dopiero potem rozwa\u017cy\u0107 premium?<\/a><\/li><li><a href=\"#\" data-toc-text=\"Jak najszybciej rozstrzygn\u0105\u0107 wyb\u00f3r: modu\u0142owa na wymiar czy premium?\">Jak najszybciej rozstrzygn\u0105\u0107 wyb\u00f3r: modu\u0142owa na wymiar czy premium?<\/a><\/li><li><a href=\"#\" data-toc-text=\"Dla kogo jest ten artyku\u0142?\">Dla kogo jest ten artyku\u0142?<\/a><\/li><\/ol><\/ol><\/ol><\/div><style>\n        .spis-tresci .toc-list { list-style-type: decimal; padding-left: 20px; }\n        .spis-tresci .toc-list ol { padding-left: 20px; }\n        .spis-tresci a { text-decoration: none; color: #666; }\n        .spis-tresci a:hover { color: #333; }\n    <\/style><script>\n        document.addEventListener(\"DOMContentLoaded\", function() {\n            const usedIds = [];\n            const sanitizeId = text => {\n                let id = \"h-\" + text.toLowerCase().trim().replace(\/[^a-z0-9]+\/g, \"-\");\n                let baseId = id;\n                let i = 1;\n                while (usedIds.includes(id)) {\n                    id = baseId + \"-\" + i;\n                    i++;\n                }\n                usedIds.push(id);\n                return id;\n            };\n\n            \/\/ Dodajemy ID do nag\u0142\u00f3wk\u00f3w\n            document.querySelectorAll(\"h1,h2,h3\").forEach(h => {\n                if (!h.id) {\n                    h.id = sanitizeId(h.textContent);\n                }\n            });\n\n            \/\/ Podpinamy linki w spisie\n            document.querySelectorAll(\".spis-tresci a[data-toc-text]\").forEach(a => {\n                const text = a.getAttribute(\"data-toc-text\");\n                const target = Array.from(document.querySelectorAll(\"h1,h2,h3\")).find(h => h.textContent.trim() === text.trim());\n                if (target) {\n                    a.href = \"#\" + target.id;\n                }\n            });\n        });\n    <\/script><\/div>\n\t\t\t\t\t\t<\/div>\n\t\t\t\t<\/div>\n\t\t\t\t<div class=\"elementor-element elementor-element-db848d9 elementor-widget elementor-widget-text-editor\" data-id=\"db848d9\" data-element_type=\"widget\" data-widget_type=\"text-editor.default\">\n\t\t\t\t<div class=\"elementor-widget-container\">\n\t\t\t\t\t\t\t\t\t<h2>Czym w praktyce jest \u201ekuchnia modu\u0142owa na wymiar\u201d?<\/h2>\n<div>\n<p data-start=\"873\" data-end=\"971\">Wiele os\u00f3b s\u0142ysz\u0105c \u201emodu\u0142owa\u201d my\u015bli: gotowce, maskownice i kompromisy. <strong data-start=\"944\" data-end=\"971\">To nie musi by\u0107 prawda.<\/strong><\/p>\n<p data-start=\"973\" data-end=\"1122\">Je\u015bli system ma <strong data-start=\"989\" data-end=\"1036\">du\u017co modu\u0142\u00f3w (r\u00f3\u017cne szeroko\u015bci i wysoko\u015bci)<\/strong> oraz <strong data-start=\"1042\" data-end=\"1062\">szafki specjalne<\/strong>, to w praktyce projektujesz <strong data-start=\"1091\" data-end=\"1121\">kuchni\u0119 modu\u0142ow\u0105 na wymiar<\/strong>:<\/p>\n<ul data-start=\"1123\" data-end=\"1282\">\n<li data-start=\"1123\" data-end=\"1183\">\n<p data-start=\"1125\" data-end=\"1183\">dopasowujesz zabudow\u0119 do pomieszczenia bardzo precyzyjnie,<\/p>\n<\/li>\n<li data-start=\"1184\" data-end=\"1232\">\n<p data-start=\"1186\" data-end=\"1232\">cz\u0119sto <strong data-start=\"1193\" data-end=\"1231\">bez stosowania maskownic po bokach<\/strong>,<\/p>\n<\/li>\n<li data-start=\"1233\" data-end=\"1282\">\n<p data-start=\"1235\" data-end=\"1282\">z zachowaniem ergonomii i sensownych podzia\u0142\u00f3w.<\/p>\n<\/li>\n<\/ul>\n<p data-start=\"1284\" data-end=\"1587\"><strong data-start=\"1284\" data-end=\"1312\">Maskownica (wype\u0142nienie)<\/strong> to element \u201edo wype\u0142nienia luki\u201d \u2014 gdy szafki nie domykaj\u0105 si\u0119 do \u015bciany albo potrzebujesz dystansu na otwieranie. Przy dobrze dobranych modu\u0142ach i \u201especjalach\u201d w wielu kuchniach da si\u0119 jej unikn\u0105\u0107. S\u0105 jednak sytuacje, w kt\u00f3rych maskownica jest konieczna (opisuj\u0119 je ni\u017cej).<\/p>\n<\/div>\n<p><!-- \/wp:heading --><!-- wp:paragraph --><\/p>\n<p><span style=\"color: inherit; font-family: inherit; font-size: 2rem;\">Kuchnia modu\u0142owa na wymiar \u2013 kiedy ma najwi\u0119cej sensu<\/span><\/p>\n<p><!-- \/wp:heading --><!-- wp:heading {\"level\":3} --><\/p>\n<h3 data-start=\"1652\" data-end=\"1672\">Najwi\u0119ksze plusy<\/h3>\n<ul data-start=\"1673\" data-end=\"2058\">\n<li data-start=\"1673\" data-end=\"1818\">\n<p data-start=\"1675\" data-end=\"1818\"><strong data-start=\"1675\" data-end=\"1720\">Bardzo dobre dopasowanie do pomieszczenia<\/strong> przy rozs\u0105dnym bud\u017cecie (zw\u0142aszcza, gdy system ma bogaty wyb\u00f3r szafek i element\u00f3w specjalnych).<\/p>\n<\/li>\n<li data-start=\"1819\" data-end=\"1895\">\n<p data-start=\"1821\" data-end=\"1895\"><strong data-start=\"1821\" data-end=\"1839\">Szybszy proces<\/strong>: mniej decyzji materia\u0142owych, prostsze wariantowanie.<\/p>\n<\/li>\n<li data-start=\"1896\" data-end=\"1956\">\n<p data-start=\"1898\" data-end=\"1956\"><strong data-start=\"1898\" data-end=\"1917\">Przewidywalno\u015b\u0107<\/strong>: \u0142atwiej kontrolowa\u0107 koszt i termin.<\/p>\n<\/li>\n<li data-start=\"1957\" data-end=\"2058\">\n<p data-start=\"1959\" data-end=\"2058\"><strong data-start=\"1959\" data-end=\"1981\">Mo\u017cliwo\u015b\u0107 dom\u00f3wie\u0144<\/strong>: przy systemach modu\u0142owych cz\u0119sto \u0142atwiej po latach dobra\u0107 kolejne elementy.<\/p>\n<\/li>\n<\/ul>\n<h3 data-start=\"2060\" data-end=\"2082\">Najcz\u0119stsze minusy<\/h3>\n<ul data-start=\"2083\" data-end=\"2334\">\n<li data-start=\"2083\" data-end=\"2192\">\n<p data-start=\"2085\" data-end=\"2192\">Mniej \u201ewolnej r\u0119ki\u201d w detalach ni\u017c w premium (np. specyficzne wyko\u0144czenia, bardzo nietypowe rozwi\u0105zania).<\/p>\n<\/li>\n<li data-start=\"2193\" data-end=\"2334\">\n<p data-start=\"2195\" data-end=\"2334\">Nie ka\u017cde pomieszczenie da si\u0119 \u201edomkn\u0105\u0107\u201d modu\u0142ami bez kompromis\u00f3w \u2014 przy mocno niestandardowych wn\u0119trzach <strong data-start=\"2301\" data-end=\"2312\">premium<\/strong> bywa bezpieczniejsze.<\/p>\n<\/li>\n<\/ul>\n<ul>\n<li style=\"list-style-type: none;\">\u00a0<\/li>\n<\/ul>\n<p><!-- \/wp:list-item --><\/p>\n<p><!-- \/wp:list --><!-- wp:separator --><\/p>\n<h2>Kuchnia premium \u201ejak od stolarza\u201d \u2013 co realnie dostajesz<\/h2>\n<p><!-- \/wp:heading --><!-- wp:paragraph --><\/p>\n<p>TW wersji premium p\u0142acisz g\u0142\u00f3wnie za:<\/p>\n<ul data-start=\"2438\" data-end=\"2713\">\n<li data-start=\"2438\" data-end=\"2510\">\n<p data-start=\"2440\" data-end=\"2510\"><strong data-start=\"2440\" data-end=\"2475\">najwi\u0119ksz\u0105 swobod\u0119 wymiarowania<\/strong> (dopasowanie \u201eco do milimetra\u201d),<\/p>\n<\/li>\n<li data-start=\"2511\" data-end=\"2608\">\n<p data-start=\"2513\" data-end=\"2608\"><strong data-start=\"2513\" data-end=\"2556\">najszerszy wyb\u00f3r materia\u0142\u00f3w i wyko\u0144cze\u0144<\/strong> (fronty, korpusy, blaty, uchwyty \u2013 wi\u0119cej opcji),<\/p>\n<\/li>\n<li data-start=\"2609\" data-end=\"2713\">\n<p data-start=\"2611\" data-end=\"2713\">oraz za to, \u017ce projektowanie jest bardziej czasoch\u0142onne (bo opcji i kombinacji jest po prostu wi\u0119cej).<\/p>\n<\/li>\n<\/ul>\n<h3 data-start=\"2715\" data-end=\"2735\">Najwi\u0119ksze plusy<\/h3>\n<ul data-start=\"2736\" data-end=\"3023\">\n<li data-start=\"2736\" data-end=\"2826\">\n<p data-start=\"2738\" data-end=\"2826\"><strong data-start=\"2738\" data-end=\"2767\">Maksymalna personalizacja<\/strong> (materia\u0142y, detale, proporcje, niestandardowe zabudowy).<\/p>\n<\/li>\n<li data-start=\"2827\" data-end=\"2926\">\n<p data-start=\"2829\" data-end=\"2926\">Efekt bardzo \u201edopie\u0328ty\u201d \u2014 szczeg\u00f3lnie w kuchniach otwartych na salon, gdzie detal robi r\u00f3\u017cnic\u0119.<\/p>\n<\/li>\n<li data-start=\"2927\" data-end=\"3023\">\n<p data-start=\"2929\" data-end=\"3023\">\u015awietne rozwi\u0105zanie dla nietypowych pomieszcze\u0144 (tam, gdzie modu\u0142 m\u00f3g\u0142by wymusza\u0107 kompromisy).<\/p>\n<\/li>\n<\/ul>\n<h3 data-start=\"3025\" data-end=\"3047\">Najcz\u0119stsze minusy<\/h3>\n<ul data-start=\"3048\" data-end=\"3247\">\n<li data-start=\"3048\" data-end=\"3104\">\n<p data-start=\"3050\" data-end=\"3104\"><strong data-start=\"3050\" data-end=\"3066\">Wy\u017cszy koszt<\/strong> i wi\u0119ksza liczba decyzji po drodze.<\/p>\n<\/li>\n<li data-start=\"3105\" data-end=\"3177\">\n<p data-start=\"3107\" data-end=\"3177\">D\u0142u\u017cszy proces (wi\u0119cej ustale\u0144, wariant\u00f3w, dopracowania materia\u0142\u00f3w).<\/p>\n<\/li>\n<li data-start=\"3178\" data-end=\"3247\">\n<p data-start=\"3180\" data-end=\"3247\">\u0141atwiej \u201epop\u0142yn\u0105\u0107\u201d z bud\u017cetem, je\u015bli nie ustalisz wide\u0142ek na start.<\/p>\n<\/li>\n<\/ul>\n<ul>\n<li style=\"list-style-type: none;\">\u00a0<\/li>\n<\/ul>\n<p><!-- \/wp:list-item --><\/p>\n<p><!-- \/wp:list --><!-- wp:separator --><\/p>\n<h2>Por\u00f3wnanie w praktyce &#8211; kuchnia modu\u0142owa na wymiar czy kuchnia premium?<\/h2>\n<p><!-- \/wp:heading --><!-- wp:table --><\/p>\n<figure>\n<table>\n<thead>\n<tr>\n<th>Obszar<\/th>\n<th>Modu\u0142owa na wymiar<\/th>\n<th>Premium \u201ejak od stolarza\u201d<\/th>\n<\/tr>\n<\/thead>\n<tbody>\n<tr>\n<td>Dopasowanie do pomieszczenia<\/td>\n<td>bardzo dobre (cz\u0119sto bez maskownic)<\/td>\n<td>maksymalne, \u201eco do milimetra\u201d<\/td>\n<\/tr>\n<tr>\n<td>Wyb\u00f3r materia\u0142\u00f3w i detali<\/td>\n<td>szeroki, ale w ramach systemu<\/td>\n<td>najszerszy, najmniej ogranicze\u0144<\/td>\n<\/tr>\n<tr>\n<td>Tempo projektu i decyzji<\/td>\n<td>szybciej, mniej z\u0142o\u017cone<\/td>\n<td>d\u0142u\u017cej, wi\u0119cej wariant\u00f3w i ustale\u0144<\/td>\n<\/tr>\n<tr>\n<td>Kontrola bud\u017cetu<\/td>\n<td>zwykle \u0142atwiejsza<\/td>\n<td>wymaga konsekwentnych wide\u0142ek<\/td>\n<\/tr>\n<tr>\n<td>Nietypowe wn\u0119trza<\/td>\n<td>zale\u017cy od skali nietypowo\u015bci<\/td>\n<td>zwykle najbezpieczniej<\/td>\n<\/tr>\n<tr>\n<td>Dom\u00f3wienia po latach<\/td>\n<td>cz\u0119sto \u0142atwiejsze<\/td>\n<td>zale\u017cy od rozwi\u0105za\u0144 i dost\u0119pno\u015bci<\/td>\n<\/tr>\n<\/tbody>\n<\/table>\n<\/figure>\n<p><!-- \/wp:table --><!-- wp:separator --><\/p>\n<h2><span style=\"color: inherit; font-family: inherit; font-size: 2rem;\">Kiedy maskownice (wype\u0142nienia) s\u0105 konieczne, nawet w kuchni modu\u0142owej na wymiar?<\/span><\/h2>\n<article dir=\"auto\" tabindex=\"-1\" data-turn-id=\"ea330dc7-7985-4dbe-bf2a-a545f24e5d2d\" data-testid=\"conversation-turn-251\" data-scroll-anchor=\"false\" data-turn=\"assistant\">\n<div tabindex=\"-1\">\n<div>\n<div dir=\"auto\" data-message-author-role=\"assistant\" data-message-id=\"f97df443-99cc-488c-9f34-9dec7ce0bab0\" data-message-model-slug=\"gpt-5-2-thinking\">\n<p data-start=\"3995\" data-end=\"4273\">Przy dobrze dobranych modu\u0142ach i szafkach specjalnych cz\u0119sto da si\u0119 doj\u015b\u0107 do zabudowy \u201ena styk\u201d, bez bocznych wype\u0142nie\u0144. S\u0105 jednak sytuacje, w kt\u00f3rych maskownica nie jest kompromisem, tylko elementem technicznym \u2014 po to, \u017ceby kuchnia dzia\u0142a\u0142a i da\u0142o si\u0119 j\u0105 poprawnie zamontowa\u0107.<\/p>\n<h3 data-start=\"4275\" data-end=\"4341\">1) Kolizje otwierania przy \u015bcianie (fronty, uchwyty, szuflady)<\/h3>\n<p data-start=\"4342\" data-end=\"4555\">Gdy szafka stoi \u201ena styk\u201d, front lub uchwyt mo\u017ce obija\u0107 o \u015bcian\u0119, nie otwiera\u0107 si\u0119 do pe\u0142nego k\u0105ta albo blokowa\u0107 wysuw szuflad (zw\u0142aszcza przy naro\u017cnikach i wysokiej zabudowie). Maskownica daje bezpieczny dystans.<\/p>\n<h3 data-start=\"4557\" data-end=\"4616\">2) Sprz\u0119ty AGD przy \u015bcianie lub przy zabudowie wysokiej<\/h3>\n<p data-start=\"4617\" data-end=\"4844\">Zmywarka\/piekarnik przy \u015bcianie mo\u017ce si\u0119 otwiera\u0107, ale korzystanie bywa niewygodne. Lod\u00f3wka przy \u015bcianie potrafi nie otworzy\u0107 si\u0119 \u201eszeroko\u201d, a szuflady i pojemniki mog\u0105 zahacza\u0107. Wype\u0142nienie poprawia realny komfort u\u017cytkowania.<\/p>\n<h3 data-start=\"4846\" data-end=\"4894\">3) Krzywe \u015bciany i \u201eniespodzianki budowlane\u201d<\/h3>\n<p data-start=\"4895\" data-end=\"5087\">\u015aciany potrafi\u0105 ucieka\u0107 o kilka mm\u2013cm, naro\u017cniki bywaj\u0105 \u201ez\u0142amane\u201d, listwy i tynki robi\u0105 swoje. Maskownica dzia\u0142a jak bufor \u2014 u\u0142atwia monta\u017c i pozwala dopasowa\u0107 zabudow\u0119 bez nerw\u00f3w i przer\u00f3bek.<\/p>\n<h3 data-start=\"5089\" data-end=\"5140\">4) Opaski drzwi, grzejniki i wystaj\u0105ce elementy<\/h3>\n<p data-start=\"5141\" data-end=\"5338\">Opaska drzwiowa, grzejnik, pion instalacyjny czy wystaj\u0105ca skrzynka elektryczna \u2014 to typowe przeszkody, kt\u00f3re trzeba omin\u0105\u0107. Maskownica pozwala zachowa\u0107 sp\u00f3jny front i nie rozjecha\u0107 linii zabudowy.<\/p>\n<h3 data-start=\"1926\" data-end=\"1999\">5) Naro\u017cniki i rozwi\u0105zania specjalne (cargo, LeMans, naro\u017cne zlewowe)<\/h3>\n<p data-start=\"2000\" data-end=\"2108\">Niekt\u00f3re mechanizmy naro\u017cne i cargo wymagaj\u0105 miejsca na prac\u0119 systemu.<br data-start=\"2070\" data-end=\"2073\" \/>Tu maskownica bywa konieczna, \u017ceby:<\/p>\n<ul data-start=\"2109\" data-end=\"2217\">\n<li data-start=\"2109\" data-end=\"2132\">\n<p data-start=\"2111\" data-end=\"2132\">mechanizm nie haczy\u0142,<\/p>\n<\/li>\n<li data-start=\"2133\" data-end=\"2166\">\n<p data-start=\"2135\" data-end=\"2166\">fronty nie wchodzi\u0142y na siebie,<\/p>\n<\/li>\n<li data-start=\"2167\" data-end=\"2217\">\n<p data-start=\"2169\" data-end=\"2217\">da\u0142o si\u0119 poprawnie ustawi\u0107 zawiasy i prowadnice.<\/p>\n<\/li>\n<\/ul>\n<h3 data-start=\"2219\" data-end=\"2276\">6) Zale\u017cno\u015b\u0107 od rodzaju uchwyt\u00f3w i sposobu otwierania<\/h3>\n<p data-start=\"2277\" data-end=\"2484\">Przy uchwytach wystaj\u0105cych (a nie frezowanych\/bezuchwytowych) potrzeba wi\u0119cej luzu przy \u015bcianach i naro\u017cnikach. W kuchniach bezuchwytowych cz\u0119sto jest \u0142atwiej, ale nadal mog\u0105 pojawi\u0107 si\u0119 kolizje (np. z AGD).<\/p>\n<h3 data-start=\"2486\" data-end=\"2547\">7) \u015awiadome \u201ewyr\u00f3wnanie\u201d zabudowy i estetyczne domkni\u0119cie<\/h3>\n<p data-start=\"2548\" data-end=\"2635\">Czasem maskownica nie jest wymuszona technicznie, ale jest najlepszym rozwi\u0105zaniem, bo:<\/p>\n<ul data-start=\"2636\" data-end=\"2782\">\n<li data-start=\"2636\" data-end=\"2664\">\n<p data-start=\"2638\" data-end=\"2664\">pozwala utrzyma\u0107 symetri\u0119,<\/p>\n<\/li>\n<li data-start=\"2665\" data-end=\"2736\">\n<p data-start=\"2667\" data-end=\"2736\">domyka zabudow\u0119 do sufitu\/\u015bciany bez dziwnych, bardzo w\u0105skich szafek,<\/p>\n<\/li>\n<li data-start=\"2737\" data-end=\"2782\">\n<p data-start=\"2739\" data-end=\"2782\">wygl\u0105da czy\u015bciej ni\u017c \u201ekombinacje\u201d modu\u0142ami.<\/p>\n<\/li>\n<\/ul>\n<hr data-start=\"2784\" data-end=\"2787\" \/>\n<h3 data-start=\"2789\" data-end=\"2832\">Jak to podej\u015b\u0107 praktycznie (bez stresu)<\/h3>\n<p data-start=\"2833\" data-end=\"2959\">W dobrze zrobionym projekcie maskownice nie s\u0105 \u201ewstydliwym dodatkiem\u201d, tylko narz\u0119dziem dopasowania. Najwa\u017cniejsze, \u017ceby by\u0142y:<\/p>\n<ul data-start=\"2960\" data-end=\"3118\">\n<li data-start=\"2960\" data-end=\"2999\">\n<p data-start=\"2962\" data-end=\"2999\"><strong data-start=\"2962\" data-end=\"2998\">uzasadnione (kolizje\/AGD\/monta\u017c)<\/strong>,<\/p>\n<\/li>\n<li data-start=\"3000\" data-end=\"3053\">\n<p data-start=\"3002\" data-end=\"3053\"><strong data-start=\"3002\" data-end=\"3024\">zaplanowane z g\u00f3ry<\/strong> (a nie \u201eratowane na ko\u0144cu\u201d),<\/p>\n<\/li>\n<li data-start=\"3054\" data-end=\"3118\">\n<p data-start=\"3056\" data-end=\"3118\">dopasowane do front\u00f3w tak, \u017ceby wygl\u0105da\u0142y jak element ca\u0142o\u015bci.<\/p>\n<\/li>\n<\/ul>\n<p data-start=\"3120\" data-end=\"3352\">Je\u015bli chcesz, mog\u0119 te\u017c dopisa\u0107 kr\u00f3tk\u0105 \u201echecklist\u0119 5 miejsc, gdzie najcz\u0119\u015bciej brakuje luzu\u201d (\u015bciana przy lod\u00f3wce, \u015bciana przy zmywarce, naro\u017cnik, opaska drzwiowa, wysoka zabudowa) \u2014 bardzo dobrze dzia\u0142a jako podsumowanie tej sekcji.<\/p>\n<\/div>\n<\/div>\n<\/div>\n<\/article>\t\t\t\t\t\t\t\t<\/div>\n\t\t\t\t<\/div>\n\t\t\t\t<div class=\"elementor-element elementor-element-783c3a9 elementor-widget elementor-widget-image\" data-id=\"783c3a9\" data-element_type=\"widget\" data-widget_type=\"image.default\">\n\t\t\t\t<div class=\"elementor-widget-container\">\n\t\t\t\t\t\t\t\t\t\t\t\t\t\t\t<img decoding=\"async\" width=\"800\" height=\"600\" src=\"https:\/\/meblekuchenne.pl\/sklep\/wp-content\/uploads\/2026\/01\/453_w-1024x768.webp\" class=\"attachment-large size-large wp-image-71810\" alt=\"Meble Kam \u2013 Kammono KC4 \u2013 kaszmirowe szafki kuchenne, wyspa kuchenna, czarne uchwyty\" srcset=\"https:\/\/meblekuchenne.pl\/sklep\/wp-content\/uploads\/2026\/01\/453_w-1024x768.webp 1024w, https:\/\/meblekuchenne.pl\/sklep\/wp-content\/uploads\/2026\/01\/453_w-300x225.webp 300w, https:\/\/meblekuchenne.pl\/sklep\/wp-content\/uploads\/2026\/01\/453_w-768x576.webp 768w, https:\/\/meblekuchenne.pl\/sklep\/wp-content\/uploads\/2026\/01\/453_w-1536x1152.webp 1536w, https:\/\/meblekuchenne.pl\/sklep\/wp-content\/uploads\/2026\/01\/453_w-2048x1536.webp 2048w, https:\/\/meblekuchenne.pl\/sklep\/wp-content\/uploads\/2026\/01\/453_w-1320x990.webp 1320w, https:\/\/meblekuchenne.pl\/sklep\/wp-content\/uploads\/2026\/01\/453_w-600x450.webp 600w\" sizes=\"(max-width: 800px) 100vw, 800px\" \/>\t\t\t\t\t\t\t\t\t\t\t\t\t\t\t<\/div>\n\t\t\t\t<\/div>\n\t\t\t\t<div class=\"elementor-element elementor-element-373544af elementor-widget elementor-widget-text-editor\" data-id=\"373544af\" data-element_type=\"widget\" data-widget_type=\"text-editor.default\">\n\t\t\t\t<div class=\"elementor-widget-container\">\n\t\t\t\t\t\t\t\t\t<article dir=\"auto\" tabindex=\"-1\" data-turn-id=\"ea330dc7-7985-4dbe-bf2a-a545f24e5d2d\" data-testid=\"conversation-turn-251\" data-scroll-anchor=\"false\" data-turn=\"assistant\">\n<div tabindex=\"-1\">\n<div>\n<div dir=\"auto\" data-message-author-role=\"assistant\" data-message-id=\"f97df443-99cc-488c-9f34-9dec7ce0bab0\" data-message-model-slug=\"gpt-5-2-thinking\">\n<h2 data-start=\"3120\" data-end=\"3352\">Kuchnia modu\u0142owa na wymiar czy premium? Nie wiesz kt\u00f3r\u0105 kuchni\u0119 wybra\u0107? Odpowiedz na te 5 pyta\u0144:<\/h2>\n<\/div>\n<\/div>\n<\/div>\n<\/article>\n<p><!-- \/wp:heading -->\n\n<!-- wp:list {\"ordered\":true} --><\/p>\n<ol>\n<li style=\"list-style-type: none;\">\n<ol><!-- wp:list-item --><\/ol>\n<\/li>\n<\/ol>\n<ol>\n<li style=\"list-style-type: none;\">\n<ol>\n<li><strong>Czy zale\u017cy Ci przede wszystkim na \u015bwietnym dopasowaniu i rozs\u0105dnym koszcie?<\/strong><br \/>\u2192 zwykle wygrywa <strong>modu\u0142owa na wymiar<\/strong>.<\/li>\n<\/ol>\n<\/li>\n<\/ol>\n<p><!-- \/wp:list-item -->\n\n<!-- wp:list-item --><\/p>\n<ol>\n<li style=\"list-style-type: none;\">\n<ol>\n<li><strong>Czy kuchnia jest otwarta na salon i \u201edetal ma robi\u0107 efekt premium\u201d?<\/strong><br \/>\u2192 rozwa\u017c <strong>premium jak od stolarza<\/strong>.<\/li>\n<\/ol>\n<\/li>\n<\/ol>\n<p><!-- \/wp:list-item -->\n\n<!-- wp:list-item --><\/p>\n<ol>\n<li style=\"list-style-type: none;\">\n<ol>\n<li><strong>Czy pomieszczenie jest nietypowe (uk\u0142ad, ograniczenia, du\u017co kolizji)?<\/strong><br \/>\u2192 cz\u0119\u015bciej wygrywa <strong>premium<\/strong>, bo daje najwi\u0119cej swobody.<\/li>\n<\/ol>\n<\/li>\n<\/ol>\n<p><!-- \/wp:list-item -->\n\n<!-- wp:list-item --><\/p>\n<ol>\n<li style=\"list-style-type: none;\">\n<ol>\n<li><strong>Czy chcesz szybko domkn\u0105\u0107 temat i mie\u0107 przewidywalny proces?<\/strong><br \/>\u2192 <strong>modu\u0142owa na wymiar<\/strong> zwykle jest prostsza.<\/li>\n<\/ol>\n<\/li>\n<\/ol>\n<p><!-- \/wp:list-item -->\n\n<!-- wp:list-item --><\/p>\n<ol>\n<li style=\"list-style-type: none;\">\n<ol>\n<li><strong>Czy masz ju\u017c bud\u017cet (wide\u0142ki) i chcesz go trzyma\u0107?<\/strong><br \/>\u2192 w obu si\u0119 da, ale w premium bud\u017cet trzeba pilnowa\u0107 bardziej \u015bwiadomie.<\/li>\n<\/ol>\n<\/li>\n<\/ol>\n<p><!-- \/wp:list-item --><\/p>\n<p><!-- \/wp:list -->\n\n<!-- wp:separator --><\/p>\n<h2>Projekt kuchni + wycena &#8211; najprostszy spos\u00f3b, \u017ceby nie zgadywa\u0107\u00a0<\/h2>\n<p><!-- \/wp:heading -->\n\n<!-- wp:paragraph --><\/p>\n<p>Najwi\u0119cej b\u0142\u0119d\u00f3w bierze si\u0119 z tego, \u017ce por\u00f3wnujesz \u201emodu\u0142ow\u0105\u201d i \u201epremium\u201d na wyobra\u017ani, a nie w swoim pomieszczeniu.<\/p>\n<p><!-- \/wp:paragraph -->\n\n<!-- wp:paragraph --><\/p>\n<p>Je\u015bli chcesz to rozstrzygn\u0105\u0107 bez b\u0142\u0105dzenia:<\/p>\n<p><!-- \/wp:paragraph -->\n\n<!-- wp:list --><\/p>\n<ul>\n<li style=\"list-style-type: none;\">\n<ul><!-- wp:list-item --><\/ul>\n<\/li>\n<\/ul>\n<ul>\n<li style=\"list-style-type: none;\">\n<ul>\n<li>robisz <strong>projekt uk\u0142adu + 3D + wycen\u0119<\/strong>,<\/li>\n<\/ul>\n<\/li>\n<\/ul>\n<p><!-- \/wp:list-item -->\n\n<!-- wp:list-item --><\/p>\n<ul>\n<li style=\"list-style-type: none;\">\n<ul>\n<li>por\u00f3wnujesz warianty (np. modu\u0142owa na wymiar vs premium),<\/li>\n<\/ul>\n<\/li>\n<\/ul>\n<p><!-- \/wp:list-item -->\n\n<!-- wp:list-item --><\/p>\n<ul>\n<li style=\"list-style-type: none;\">\n<ul>\n<li>i dopiero wtedy podejmujesz decyzj\u0119 zakupow\u0105<\/li>\n<\/ul>\n<\/li>\n<\/ul>\n<p><!-- \/wp:code -->\n\n<!-- wp:separator --><\/p>\n<p><!-- \/wp:heading -->\n\n<!-- wp:paragraph --><\/p>\n<h4>\u00a0<\/h4>\n<center><h4><em><strong>Chcesz por\u00f3wna\u0107 modu\u0142ow\u0105 na wymiar i premium w swoim wn\u0119trzu?<\/strong><\/em><\/h4><\/center>\n<p><!-- \/wp:paragraph -->\n\n<!-- wp:paragraph --><\/p>\n<p><!-- \/wp:paragraph --><\/p>\t\t\t\t\t\t\t\t<\/div>\n\t\t\t\t<\/div>\n\t\t\t\t<div class=\"elementor-element elementor-element-3a7c31d elementor-align-center elementor-widget elementor-widget-button\" data-id=\"3a7c31d\" data-element_type=\"widget\" data-widget_type=\"button.default\">\n\t\t\t\t<div class=\"elementor-widget-container\">\n\t\t\t\t\t\t\t\t\t<div class=\"elementor-button-wrapper\">\n\t\t\t\t\t<a class=\"elementor-button elementor-button-link elementor-size-sm\" href=\"https:\/\/meblekuchenne.pl\/sklep\/projekt-kuchnie\/\">\n\t\t\t\t\t\t<span class=\"elementor-button-content-wrapper\">\n\t\t\t\t\t\t\t\t\t<span class=\"elementor-button-text\">Zobacz warianty projektu kuchni online (149\/499\/129) i wybierz \u015bcie\u017ck\u0119 dopasowan\u0105 do etapu, na kt\u00f3rym jeste\u015b.<\/span>\n\t\t\t\t\t<\/span>\n\t\t\t\t\t<\/a>\n\t\t\t\t<\/div>\n\t\t\t\t\t\t\t\t<\/div>\n\t\t\t\t<\/div>\n\t\t\t\t<div class=\"elementor-element elementor-element-06367ec elementor-widget elementor-widget-text-editor\" data-id=\"06367ec\" data-element_type=\"widget\" data-widget_type=\"text-editor.default\">\n\t\t\t\t<div class=\"elementor-widget-container\">\n\t\t\t\t\t\t\t\t\t<h2 data-start=\"1202\" data-end=\"1254\"><strong data-start=\"1202\" data-end=\"1254\">FAQ: kuchnia modu\u0142owa na wymiar czy premium?<\/strong><\/h2>\n<h3 data-start=\"1256\" data-end=\"1482\"><strong data-start=\"1256\" data-end=\"1306\">Czy kuchnia modu\u0142owa mo\u017ce by\u0107 \u201ena wymiar\u201d?<\/strong><\/h3>\n<p data-start=\"1256\" data-end=\"1482\"><br data-start=\"1306\" data-end=\"1309\" \/>Tak \u2014 je\u015bli system ma du\u017co modu\u0142\u00f3w i szafek specjalnych, mo\u017cna dopasowa\u0107 zabudow\u0119 bardzo precyzyjnie (cz\u0119sto bez bocznych maskownic), zachowuj\u0105c ergonomi\u0119 i sp\u00f3jne podzia\u0142y.<\/p>\n<h3 data-start=\"1484\" data-end=\"1791\"><strong data-start=\"1484\" data-end=\"1571\">Jaka jest g\u0142\u00f3wna r\u00f3\u017cnica mi\u0119dzy modu\u0142ow\u0105 na wymiar a premium \u201ejak od stolarza\u201d?<\/strong><\/h3>\n<p data-start=\"1484\" data-end=\"1791\"><br data-start=\"1571\" data-end=\"1574\" \/>Modu\u0142owa na wymiar daje bardzo dobre dopasowanie w ramach systemu, a premium daje maksymaln\u0105 swobod\u0119 w wymiarach i wyko\u0144czeniach (fronty\/korpusy\/blaty\/uchwyty) \u2014 zwykle przy wi\u0119kszej liczbie decyzji i wy\u017cszym koszcie.<\/p>\n<h3 data-start=\"1793\" data-end=\"2018\"><strong data-start=\"1793\" data-end=\"1858\">Czy kuchnia modu\u0142owa na wymiar zawsze jest bez maskownic?<\/strong><\/h3>\n<p data-start=\"1793\" data-end=\"2018\"><br data-start=\"1858\" data-end=\"1861\" \/>Nie zawsze. Cz\u0119sto da si\u0119 ich unikn\u0105\u0107, ale bywaj\u0105 konieczne np. przy kolizjach otwierania przy \u015bcianie, nietypowym AGD, krzywych \u015bcianach lub opaskach drzwi.<\/p>\n<h3 data-start=\"2020\" data-end=\"2249\"><strong data-start=\"2020\" data-end=\"2099\">Kiedy maskownica jest lepszym rozwi\u0105zaniem ni\u017c \u201ekombinowanie\u201d modu\u0142ami?<\/strong><\/h3>\n<p data-start=\"2020\" data-end=\"2249\"><br data-start=\"2099\" data-end=\"2102\" \/>Gdy zapewnia bezkolizyjne otwieranie, wygodny dost\u0119p do AGD albo pozwala estetycznie domkn\u0105\u0107 zabudow\u0119 bez bardzo w\u0105skich, niefunkcjonalnych szafek.<\/p>\n<h3 data-start=\"2251\" data-end=\"2489\"><strong data-start=\"2251\" data-end=\"2306\">Kiedy wybra\u0107 kuchni\u0119 premium \u201ejak od stolarza\u201d?<\/strong><\/h3>\n<p data-start=\"2251\" data-end=\"2489\"><br data-start=\"2306\" data-end=\"2309\" \/>Gdy zale\u017cy Ci na maksymalnej personalizacji wyko\u0144cze\u0144 i wymiar\u00f3w, chcesz efekt premium w otwartej strefie dziennej albo masz wn\u0119trze nietypowe, gdzie modu\u0142y wymusza\u0142yby kompromisy.<\/p>\n<h3 data-start=\"2491\" data-end=\"2737\"><strong data-start=\"2491\" data-end=\"2557\">Co najcz\u0119\u015bciej podbija koszt kuchni \u2014 modu\u0142owej i premium?<\/strong><\/h3>\n<p data-start=\"2491\" data-end=\"2737\"><br data-start=\"2557\" data-end=\"2560\" \/>Najcz\u0119\u015bciej: wyko\u0144czenia (fronty\/blaty), mechanizmy i wyposa\u017cenie (szuflady\/cargo\/organizacja), oraz zakres zabudowy (wysokie s\u0142upki, zabudowa do sufitu, rozwi\u0105zania specjalne).<\/p>\n<h3 data-start=\"2739\" data-end=\"2977\"><strong data-start=\"2739\" data-end=\"2786\">Czy premium oznacza \u201elepsz\u0105 ergonomi\u0119\u201d?<\/strong><\/h3>\n<p data-start=\"2739\" data-end=\"2977\"><br data-start=\"2786\" data-end=\"2789\" \/>Nie musi. Ergonomia i funkcjonalny uk\u0142ad powinny by\u0107 dopracowane w obu wariantach \u2014 premium daje g\u0142\u00f3wnie wi\u0119cej opcji materia\u0142owych i wymiarowych oraz bardziej rozbudowane dopi\u0119cie detali.<\/p>\n<h3 data-start=\"2979\" data-end=\"3254\"><strong data-start=\"2979\" data-end=\"3062\">Czy lepiej zacz\u0105\u0107 od modu\u0142owej na wymiar, a dopiero potem rozwa\u017cy\u0107 premium?<\/strong><\/h3>\n<p data-start=\"2979\" data-end=\"3254\"><br data-start=\"3062\" data-end=\"3065\" \/>Tak \u2014 w wielu wn\u0119trzach modu\u0142owa na wymiar daje \u015bwietny efekt i kontrol\u0119 koszt\u00f3w. Je\u015bli w trakcie projektu oka\u017ce si\u0119, \u017ce potrzebujesz wi\u0119kszej personalizacji, wtedy ma sens wej\u015b\u0107 w premium.<\/p>\n<h3 data-start=\"3256\" data-end=\"3477\"><strong data-start=\"3256\" data-end=\"3331\">Jak najszybciej rozstrzygn\u0105\u0107 wyb\u00f3r: modu\u0142owa na wymiar czy premium?<\/strong><\/h3>\n<p data-start=\"3256\" data-end=\"3477\"><br data-start=\"3331\" data-end=\"3334\" \/>Zrobi\u0107 projekt na Twoje wn\u0119trze: uk\u0142ad + wizualizacja 3D + wycena i por\u00f3wna\u0107 warianty (modu\u0142owa na wymiar vs premium). To eliminuje zgadywanie.<\/p>\n<h3 data-start=\"3479\" data-end=\"3684\"><strong data-start=\"3479\" data-end=\"3513\">Dla kogo jest ten artyku\u0142?<\/strong><\/h3>\n<p data-start=\"3479\" data-end=\"3684\"><br data-start=\"3513\" data-end=\"3516\" \/>Dla os\u00f3b, kt\u00f3re chc\u0105 unikn\u0105\u0107 b\u0142\u0119d\u00f3w (kolizje, maskownice \u201ez zaskoczenia\u201d, z\u0142e proporcje) i wybra\u0107 wariant kuchni \u015bwiadomie, z kontrol\u0105 koszt\u00f3w i dopasowania do wn\u0119trza.<\/p>\n<p><script type=\"application\/ld+json\">\n{\n  \"@context\": \"https:\/\/schema.org\",\n  \"@type\": \"FAQPage\",\n  \"mainEntity\": [\n    {\n      \"@type\": \"Question\",\n      \"name\": \"Czy kuchnia modu\u0142owa mo\u017ce by\u0107 \u201ena wymiar\u201d?\",\n      \"acceptedAnswer\": {\n        \"@type\": \"Answer\",\n        \"text\": \"Tak. Je\u015bli system ma du\u017co modu\u0142\u00f3w (r\u00f3\u017cne szeroko\u015bci i wysoko\u015bci) oraz szafki specjalne, mo\u017cna dopasowa\u0107 zabudow\u0119 bardzo precyzyjnie do pomieszczenia, cz\u0119sto bez bocznych maskownic.\"\n      }\n    },\n    {\n      \"@type\": \"Question\",\n      \"name\": \"Jaka jest g\u0142\u00f3wna r\u00f3\u017cnica mi\u0119dzy modu\u0142ow\u0105 na wymiar a premium \u201ejak od stolarza\u201d?\",\n      \"acceptedAnswer\": {\n        \"@type\": \"Answer\",\n        \"text\": \"Modu\u0142owa na wymiar daje bardzo dobre dopasowanie w ramach systemu, a premium daje maksymaln\u0105 swobod\u0119 w wymiarach i wyko\u0144czeniach (fronty\/korpusy\/blaty\/uchwyty) \u2014 zwykle przy wi\u0119kszej liczbie decyzji i wy\u017cszym koszcie.\"\n      }\n    },\n    {\n      \"@type\": \"Question\",\n      \"name\": \"Czy kuchnia modu\u0142owa na wymiar zawsze jest bez maskownic?\",\n      \"acceptedAnswer\": {\n        \"@type\": \"Answer\",\n        \"text\": \"Nie zawsze. Cz\u0119sto da si\u0119 ich unikn\u0105\u0107, ale bywaj\u0105 konieczne np. przy kolizjach otwierania przy \u015bcianie, nietypowym AGD, krzywych \u015bcianach lub opaskach drzwi.\"\n      }\n    },\n    {\n      \"@type\": \"Question\",\n      \"name\": \"Kiedy maskownica jest lepszym rozwi\u0105zaniem ni\u017c \u201ekombinowanie\u201d modu\u0142ami?\",\n      \"acceptedAnswer\": {\n        \"@type\": \"Answer\",\n        \"text\": \"Gdy zapewnia bezkolizyjne otwieranie, wygodny dost\u0119p do AGD albo pozwala estetycznie domkn\u0105\u0107 zabudow\u0119 bez bardzo w\u0105skich, niefunkcjonalnych szafek.\"\n      }\n    },\n    {\n      \"@type\": \"Question\",\n      \"name\": \"Kiedy wybra\u0107 kuchni\u0119 premium \u201ejak od stolarza\u201d?\",\n      \"acceptedAnswer\": {\n        \"@type\": \"Answer\",\n        \"text\": \"Gdy zale\u017cy Ci na maksymalnej personalizacji wyko\u0144cze\u0144 i wymiar\u00f3w, chcesz efekt premium w otwartej strefie dziennej albo masz wn\u0119trze nietypowe, gdzie modu\u0142y wymusza\u0142yby kompromisy.\"\n      }\n    },\n    {\n      \"@type\": \"Question\",\n      \"name\": \"Co najcz\u0119\u015bciej podbija koszt kuchni \u2014 modu\u0142owej i premium?\",\n      \"acceptedAnswer\": {\n        \"@type\": \"Answer\",\n        \"text\": \"Najcz\u0119\u015bciej: wyko\u0144czenia (fronty\/blaty), mechanizmy i wyposa\u017cenie (szuflady\/cargo\/organizacja) oraz zakres zabudowy (wysokie s\u0142upki, zabudowa do sufitu, rozwi\u0105zania specjalne).\"\n      }\n    },\n    {\n      \"@type\": \"Question\",\n      \"name\": \"Czy premium oznacza \u201elepsz\u0105 ergonomi\u0119\u201d?\",\n      \"acceptedAnswer\": {\n        \"@type\": \"Answer\",\n        \"text\": \"Nie musi. Ergonomia i funkcjonalny uk\u0142ad powinny by\u0107 dopracowane w obu wariantach \u2014 premium daje g\u0142\u00f3wnie wi\u0119cej opcji materia\u0142owych i wymiarowych oraz bardziej rozbudowane dopi\u0119cie detali.\"\n      }\n    },\n    {\n      \"@type\": \"Question\",\n      \"name\": \"Czy lepiej zacz\u0105\u0107 od modu\u0142owej na wymiar, a dopiero potem rozwa\u017cy\u0107 premium?\",\n      \"acceptedAnswer\": {\n        \"@type\": \"Answer\",\n        \"text\": \"Tak. W wielu wn\u0119trzach modu\u0142owa na wymiar daje \u015bwietny efekt i kontrol\u0119 koszt\u00f3w. Je\u015bli w trakcie projektu oka\u017ce si\u0119, \u017ce potrzebujesz wi\u0119kszej personalizacji, wtedy ma sens wej\u015b\u0107 w premium.\"\n      }\n    },\n    {\n      \"@type\": \"Question\",\n      \"name\": \"Jak najszybciej rozstrzygn\u0105\u0107 wyb\u00f3r: modu\u0142owa na wymiar czy premium?\",\n      \"acceptedAnswer\": {\n        \"@type\": \"Answer\",\n        \"text\": \"Najpro\u015bciej zrobi\u0107 projekt na Twoje wn\u0119trze: uk\u0142ad + wizualizacja 3D + wycena i por\u00f3wna\u0107 warianty (modu\u0142owa na wymiar vs premium). To eliminuje zgadywanie.\"\n      }\n    }\n  ]\n}\n<\/script><\/p>\t\t\t\t\t\t\t\t<\/div>\n\t\t\t\t<\/div>\n\t\t\t\t\t<\/div>\n\t\t\t\t<\/div>\n\t\t\t\t<\/div>\n\t\t","protected":false},"excerpt":{"rendered":"<p>Kuchnia modu\u0142owa na wymiar czy premium jak od stolarza? Na przyk\u0142adzie takiej realizacji pokazuj\u0119, gdzie ko\u0144czy si\u0119 \u201esprytne dopasowanie modu\u0142\u00f3w\u201d, a gdzie zaczyna si\u0119 pe\u0142na personalizacja premium \u2014 i jak wybra\u0107 opcj\u0119 najlepsz\u0105 dla Twojego bud\u017cetu oraz wn\u0119trza.<\/p>\n","protected":false},"author":1,"featured_media":72706,"comment_status":"closed","ping_status":"open","sticky":false,"template":"","format":"standard","meta":{"footnotes":""},"categories":[1],"tags":[],"class_list":["post-72660","post","type-post","status-publish","format-standard","has-post-thumbnail","hentry","category-bez-kategorii"],"yoast_head":"<!-- This site is optimized with the Yoast SEO Premium plugin v25.0 (Yoast SEO v25.0) - https:\/\/yoast.com\/wordpress\/plugins\/seo\/ -->\n<title>Kuchnia modu\u0142owa na wymiar czy premium jak od stolarza?<\/title>\n<meta name=\"description\" content=\"Por\u00f3wnanie - kuchnia modu\u0142owa na wymiar czy premium jak od stolarza? Dopasowanie, koszty. Sprawd\u017a plusy i minusy i wybierz najlepsz\u0105 opcj\u0119.\" \/>\n<meta name=\"robots\" content=\"index, follow, max-snippet:-1, max-image-preview:large, max-video-preview:-1\" \/>\n<link rel=\"canonical\" href=\"https:\/\/meblekuchenne.pl\/sklep\/kuchnia-modulowa-na-wymiar-czy-premium-jak-od-stolarza-roznice-plusy-i-minusy\/\" \/>\n<meta property=\"og:locale\" content=\"pl_PL\" \/>\n<meta property=\"og:type\" content=\"article\" \/>\n<meta property=\"og:title\" content=\"Kuchnia modu\u0142owa na wymiar czy premium jak od stolarza? R\u00f3\u017cnice, plusy i minusy\" \/>\n<meta property=\"og:description\" content=\"Por\u00f3wnanie - kuchnia modu\u0142owa na wymiar czy premium jak od stolarza? Dopasowanie, koszty. Sprawd\u017a plusy i minusy i wybierz najlepsz\u0105 opcj\u0119.\" \/>\n<meta property=\"og:url\" content=\"https:\/\/meblekuchenne.pl\/sklep\/kuchnia-modulowa-na-wymiar-czy-premium-jak-od-stolarza-roznice-plusy-i-minusy\/\" \/>\n<meta property=\"og:site_name\" content=\"MebleKuchenne.PL - SKLEP\" \/>\n<meta property=\"article:published_time\" content=\"2026-01-30T15:11:51+00:00\" \/>\n<meta property=\"article:modified_time\" content=\"2026-02-02T15:20:36+00:00\" \/>\n<meta property=\"og:image\" content=\"https:\/\/meblekuchenne.pl\/sklep\/wp-content\/uploads\/2026\/01\/kuchnia-modulowa.webp\" \/>\n\t<meta property=\"og:image:width\" content=\"1304\" \/>\n\t<meta property=\"og:image:height\" content=\"752\" \/>\n\t<meta property=\"og:image:type\" content=\"image\/webp\" \/>\n<meta name=\"author\" content=\"saem\" \/>\n<meta name=\"twitter:card\" content=\"summary_large_image\" \/>\n<meta name=\"twitter:label1\" content=\"Napisane przez\" \/>\n\t<meta name=\"twitter:data1\" content=\"saem\" \/>\n\t<meta name=\"twitter:label2\" content=\"Szacowany czas czytania\" \/>\n\t<meta name=\"twitter:data2\" content=\"9 minut\" \/>\n<script type=\"application\/ld+json\" class=\"yoast-schema-graph\">{\"@context\":\"https:\/\/schema.org\",\"@graph\":[{\"@type\":\"Article\",\"@id\":\"https:\/\/meblekuchenne.pl\/sklep\/kuchnia-modulowa-na-wymiar-czy-premium-jak-od-stolarza-roznice-plusy-i-minusy\/#article\",\"isPartOf\":{\"@id\":\"https:\/\/meblekuchenne.pl\/sklep\/kuchnia-modulowa-na-wymiar-czy-premium-jak-od-stolarza-roznice-plusy-i-minusy\/\"},\"author\":{\"name\":\"saem\",\"@id\":\"https:\/\/meblekuchenne.pl\/sklep\/#\/schema\/person\/4a5d58e5e09236373ac8819571afb2ad\"},\"headline\":\"Kuchnia modu\u0142owa na wymiar czy premium jak od stolarza? R\u00f3\u017cnice, plusy i minusy\",\"datePublished\":\"2026-01-30T15:11:51+00:00\",\"dateModified\":\"2026-02-02T15:20:36+00:00\",\"mainEntityOfPage\":{\"@id\":\"https:\/\/meblekuchenne.pl\/sklep\/kuchnia-modulowa-na-wymiar-czy-premium-jak-od-stolarza-roznice-plusy-i-minusy\/\"},\"wordCount\":1575,\"publisher\":{\"@id\":\"https:\/\/meblekuchenne.pl\/sklep\/#organization\"},\"image\":{\"@id\":\"https:\/\/meblekuchenne.pl\/sklep\/kuchnia-modulowa-na-wymiar-czy-premium-jak-od-stolarza-roznice-plusy-i-minusy\/#primaryimage\"},\"thumbnailUrl\":\"https:\/\/meblekuchenne.pl\/sklep\/wp-content\/uploads\/2026\/01\/kuchnia-modulowa.webp\",\"inLanguage\":\"pl-PL\"},{\"@type\":\"WebPage\",\"@id\":\"https:\/\/meblekuchenne.pl\/sklep\/kuchnia-modulowa-na-wymiar-czy-premium-jak-od-stolarza-roznice-plusy-i-minusy\/\",\"url\":\"https:\/\/meblekuchenne.pl\/sklep\/kuchnia-modulowa-na-wymiar-czy-premium-jak-od-stolarza-roznice-plusy-i-minusy\/\",\"name\":\"Kuchnia modu\u0142owa na wymiar czy premium jak od stolarza?\",\"isPartOf\":{\"@id\":\"https:\/\/meblekuchenne.pl\/sklep\/#website\"},\"primaryImageOfPage\":{\"@id\":\"https:\/\/meblekuchenne.pl\/sklep\/kuchnia-modulowa-na-wymiar-czy-premium-jak-od-stolarza-roznice-plusy-i-minusy\/#primaryimage\"},\"image\":{\"@id\":\"https:\/\/meblekuchenne.pl\/sklep\/kuchnia-modulowa-na-wymiar-czy-premium-jak-od-stolarza-roznice-plusy-i-minusy\/#primaryimage\"},\"thumbnailUrl\":\"https:\/\/meblekuchenne.pl\/sklep\/wp-content\/uploads\/2026\/01\/kuchnia-modulowa.webp\",\"datePublished\":\"2026-01-30T15:11:51+00:00\",\"dateModified\":\"2026-02-02T15:20:36+00:00\",\"description\":\"Por\u00f3wnanie - kuchnia modu\u0142owa na wymiar czy premium jak od stolarza? Dopasowanie, koszty. Sprawd\u017a plusy i minusy i wybierz najlepsz\u0105 opcj\u0119.\",\"breadcrumb\":{\"@id\":\"https:\/\/meblekuchenne.pl\/sklep\/kuchnia-modulowa-na-wymiar-czy-premium-jak-od-stolarza-roznice-plusy-i-minusy\/#breadcrumb\"},\"inLanguage\":\"pl-PL\",\"potentialAction\":[{\"@type\":\"ReadAction\",\"target\":[\"https:\/\/meblekuchenne.pl\/sklep\/kuchnia-modulowa-na-wymiar-czy-premium-jak-od-stolarza-roznice-plusy-i-minusy\/\"]}]},{\"@type\":\"ImageObject\",\"inLanguage\":\"pl-PL\",\"@id\":\"https:\/\/meblekuchenne.pl\/sklep\/kuchnia-modulowa-na-wymiar-czy-premium-jak-od-stolarza-roznice-plusy-i-minusy\/#primaryimage\",\"url\":\"https:\/\/meblekuchenne.pl\/sklep\/wp-content\/uploads\/2026\/01\/kuchnia-modulowa.webp\",\"contentUrl\":\"https:\/\/meblekuchenne.pl\/sklep\/wp-content\/uploads\/2026\/01\/kuchnia-modulowa.webp\",\"width\":1304,\"height\":752,\"caption\":\"Nowoczesna kuchnia z zielonymi frontami i drewnian\u0105 wysp\u0105 \u2013 inspiracja do por\u00f3wnania kuchni modu\u0142owej na wymiar i premium jak od stolarza\"},{\"@type\":\"BreadcrumbList\",\"@id\":\"https:\/\/meblekuchenne.pl\/sklep\/kuchnia-modulowa-na-wymiar-czy-premium-jak-od-stolarza-roznice-plusy-i-minusy\/#breadcrumb\",\"itemListElement\":[{\"@type\":\"ListItem\",\"position\":1,\"name\":\"Strona g\u0142\u00f3wna\",\"item\":\"https:\/\/meblekuchenne.pl\/sklep\/\"},{\"@type\":\"ListItem\",\"position\":2,\"name\":\"Kuchnia modu\u0142owa na wymiar czy premium jak od stolarza? R\u00f3\u017cnice, plusy i minusy\"}]},{\"@type\":\"WebSite\",\"@id\":\"https:\/\/meblekuchenne.pl\/sklep\/#website\",\"url\":\"https:\/\/meblekuchenne.pl\/sklep\/\",\"name\":\"MebleKuchenne.PL - SKLEP\",\"description\":\"\",\"publisher\":{\"@id\":\"https:\/\/meblekuchenne.pl\/sklep\/#organization\"},\"potentialAction\":[{\"@type\":\"SearchAction\",\"target\":{\"@type\":\"EntryPoint\",\"urlTemplate\":\"https:\/\/meblekuchenne.pl\/sklep\/?s={search_term_string}\"},\"query-input\":{\"@type\":\"PropertyValueSpecification\",\"valueRequired\":true,\"valueName\":\"search_term_string\"}}],\"inLanguage\":\"pl-PL\"},{\"@type\":\"Organization\",\"@id\":\"https:\/\/meblekuchenne.pl\/sklep\/#organization\",\"name\":\"MebleKuchenne.PL - SKLEP\",\"url\":\"https:\/\/meblekuchenne.pl\/sklep\/\",\"logo\":{\"@type\":\"ImageObject\",\"inLanguage\":\"pl-PL\",\"@id\":\"https:\/\/meblekuchenne.pl\/sklep\/#\/schema\/logo\/image\/\",\"url\":\"https:\/\/meblekuchenne.pl\/sklep\/wp-content\/uploads\/2025\/06\/cropped-cropped-logo.webp\",\"contentUrl\":\"https:\/\/meblekuchenne.pl\/sklep\/wp-content\/uploads\/2025\/06\/cropped-cropped-logo.webp\",\"width\":735,\"height\":715,\"caption\":\"MebleKuchenne.PL - SKLEP\"},\"image\":{\"@id\":\"https:\/\/meblekuchenne.pl\/sklep\/#\/schema\/logo\/image\/\"}},{\"@type\":\"Person\",\"@id\":\"https:\/\/meblekuchenne.pl\/sklep\/#\/schema\/person\/4a5d58e5e09236373ac8819571afb2ad\",\"name\":\"saem\",\"image\":{\"@type\":\"ImageObject\",\"inLanguage\":\"pl-PL\",\"@id\":\"https:\/\/meblekuchenne.pl\/sklep\/#\/schema\/person\/image\/\",\"url\":\"https:\/\/meblekuchenne.pl\/sklep\/wp-content\/uploads\/nsl_avatars\/c704e63740b3b0ef91ab810d43b8429d.png\",\"contentUrl\":\"https:\/\/meblekuchenne.pl\/sklep\/wp-content\/uploads\/nsl_avatars\/c704e63740b3b0ef91ab810d43b8429d.png\",\"caption\":\"saem\"},\"sameAs\":[\"http:\/\/meblek88.webd.pro\/meblekuchenne\"],\"url\":\"https:\/\/meblekuchenne.pl\/sklep\/author\/saem\/\"}]}<\/script>\n<!-- \/ Yoast SEO Premium plugin. -->","yoast_head_json":{"title":"Kuchnia modu\u0142owa na wymiar czy premium jak od stolarza?","description":"Por\u00f3wnanie - kuchnia modu\u0142owa na wymiar czy premium jak od stolarza? Dopasowanie, koszty. Sprawd\u017a plusy i minusy i wybierz najlepsz\u0105 opcj\u0119.","robots":{"index":"index","follow":"follow","max-snippet":"max-snippet:-1","max-image-preview":"max-image-preview:large","max-video-preview":"max-video-preview:-1"},"canonical":"https:\/\/meblekuchenne.pl\/sklep\/kuchnia-modulowa-na-wymiar-czy-premium-jak-od-stolarza-roznice-plusy-i-minusy\/","og_locale":"pl_PL","og_type":"article","og_title":"Kuchnia modu\u0142owa na wymiar czy premium jak od stolarza? R\u00f3\u017cnice, plusy i minusy","og_description":"Por\u00f3wnanie - kuchnia modu\u0142owa na wymiar czy premium jak od stolarza? Dopasowanie, koszty. Sprawd\u017a plusy i minusy i wybierz najlepsz\u0105 opcj\u0119.","og_url":"https:\/\/meblekuchenne.pl\/sklep\/kuchnia-modulowa-na-wymiar-czy-premium-jak-od-stolarza-roznice-plusy-i-minusy\/","og_site_name":"MebleKuchenne.PL - SKLEP","article_published_time":"2026-01-30T15:11:51+00:00","article_modified_time":"2026-02-02T15:20:36+00:00","og_image":[{"width":1304,"height":752,"url":"https:\/\/meblekuchenne.pl\/sklep\/wp-content\/uploads\/2026\/01\/kuchnia-modulowa.webp","type":"image\/webp"}],"author":"saem","twitter_card":"summary_large_image","twitter_misc":{"Napisane przez":"saem","Szacowany czas czytania":"9 minut"},"schema":{"@context":"https:\/\/schema.org","@graph":[{"@type":"Article","@id":"https:\/\/meblekuchenne.pl\/sklep\/kuchnia-modulowa-na-wymiar-czy-premium-jak-od-stolarza-roznice-plusy-i-minusy\/#article","isPartOf":{"@id":"https:\/\/meblekuchenne.pl\/sklep\/kuchnia-modulowa-na-wymiar-czy-premium-jak-od-stolarza-roznice-plusy-i-minusy\/"},"author":{"name":"saem","@id":"https:\/\/meblekuchenne.pl\/sklep\/#\/schema\/person\/4a5d58e5e09236373ac8819571afb2ad"},"headline":"Kuchnia modu\u0142owa na wymiar czy premium jak od stolarza? R\u00f3\u017cnice, plusy i minusy","datePublished":"2026-01-30T15:11:51+00:00","dateModified":"2026-02-02T15:20:36+00:00","mainEntityOfPage":{"@id":"https:\/\/meblekuchenne.pl\/sklep\/kuchnia-modulowa-na-wymiar-czy-premium-jak-od-stolarza-roznice-plusy-i-minusy\/"},"wordCount":1575,"publisher":{"@id":"https:\/\/meblekuchenne.pl\/sklep\/#organization"},"image":{"@id":"https:\/\/meblekuchenne.pl\/sklep\/kuchnia-modulowa-na-wymiar-czy-premium-jak-od-stolarza-roznice-plusy-i-minusy\/#primaryimage"},"thumbnailUrl":"https:\/\/meblekuchenne.pl\/sklep\/wp-content\/uploads\/2026\/01\/kuchnia-modulowa.webp","inLanguage":"pl-PL"},{"@type":"WebPage","@id":"https:\/\/meblekuchenne.pl\/sklep\/kuchnia-modulowa-na-wymiar-czy-premium-jak-od-stolarza-roznice-plusy-i-minusy\/","url":"https:\/\/meblekuchenne.pl\/sklep\/kuchnia-modulowa-na-wymiar-czy-premium-jak-od-stolarza-roznice-plusy-i-minusy\/","name":"Kuchnia modu\u0142owa na wymiar czy premium jak od stolarza?","isPartOf":{"@id":"https:\/\/meblekuchenne.pl\/sklep\/#website"},"primaryImageOfPage":{"@id":"https:\/\/meblekuchenne.pl\/sklep\/kuchnia-modulowa-na-wymiar-czy-premium-jak-od-stolarza-roznice-plusy-i-minusy\/#primaryimage"},"image":{"@id":"https:\/\/meblekuchenne.pl\/sklep\/kuchnia-modulowa-na-wymiar-czy-premium-jak-od-stolarza-roznice-plusy-i-minusy\/#primaryimage"},"thumbnailUrl":"https:\/\/meblekuchenne.pl\/sklep\/wp-content\/uploads\/2026\/01\/kuchnia-modulowa.webp","datePublished":"2026-01-30T15:11:51+00:00","dateModified":"2026-02-02T15:20:36+00:00","description":"Por\u00f3wnanie - kuchnia modu\u0142owa na wymiar czy premium jak od stolarza? Dopasowanie, koszty. Sprawd\u017a plusy i minusy i wybierz najlepsz\u0105 opcj\u0119.","breadcrumb":{"@id":"https:\/\/meblekuchenne.pl\/sklep\/kuchnia-modulowa-na-wymiar-czy-premium-jak-od-stolarza-roznice-plusy-i-minusy\/#breadcrumb"},"inLanguage":"pl-PL","potentialAction":[{"@type":"ReadAction","target":["https:\/\/meblekuchenne.pl\/sklep\/kuchnia-modulowa-na-wymiar-czy-premium-jak-od-stolarza-roznice-plusy-i-minusy\/"]}]},{"@type":"ImageObject","inLanguage":"pl-PL","@id":"https:\/\/meblekuchenne.pl\/sklep\/kuchnia-modulowa-na-wymiar-czy-premium-jak-od-stolarza-roznice-plusy-i-minusy\/#primaryimage","url":"https:\/\/meblekuchenne.pl\/sklep\/wp-content\/uploads\/2026\/01\/kuchnia-modulowa.webp","contentUrl":"https:\/\/meblekuchenne.pl\/sklep\/wp-content\/uploads\/2026\/01\/kuchnia-modulowa.webp","width":1304,"height":752,"caption":"Nowoczesna kuchnia z zielonymi frontami i drewnian\u0105 wysp\u0105 \u2013 inspiracja do por\u00f3wnania kuchni modu\u0142owej na wymiar i premium jak od stolarza"},{"@type":"BreadcrumbList","@id":"https:\/\/meblekuchenne.pl\/sklep\/kuchnia-modulowa-na-wymiar-czy-premium-jak-od-stolarza-roznice-plusy-i-minusy\/#breadcrumb","itemListElement":[{"@type":"ListItem","position":1,"name":"Strona g\u0142\u00f3wna","item":"https:\/\/meblekuchenne.pl\/sklep\/"},{"@type":"ListItem","position":2,"name":"Kuchnia modu\u0142owa na wymiar czy premium jak od stolarza? R\u00f3\u017cnice, plusy i minusy"}]},{"@type":"WebSite","@id":"https:\/\/meblekuchenne.pl\/sklep\/#website","url":"https:\/\/meblekuchenne.pl\/sklep\/","name":"MebleKuchenne.PL - SKLEP","description":"","publisher":{"@id":"https:\/\/meblekuchenne.pl\/sklep\/#organization"},"potentialAction":[{"@type":"SearchAction","target":{"@type":"EntryPoint","urlTemplate":"https:\/\/meblekuchenne.pl\/sklep\/?s={search_term_string}"},"query-input":{"@type":"PropertyValueSpecification","valueRequired":true,"valueName":"search_term_string"}}],"inLanguage":"pl-PL"},{"@type":"Organization","@id":"https:\/\/meblekuchenne.pl\/sklep\/#organization","name":"MebleKuchenne.PL - SKLEP","url":"https:\/\/meblekuchenne.pl\/sklep\/","logo":{"@type":"ImageObject","inLanguage":"pl-PL","@id":"https:\/\/meblekuchenne.pl\/sklep\/#\/schema\/logo\/image\/","url":"https:\/\/meblekuchenne.pl\/sklep\/wp-content\/uploads\/2025\/06\/cropped-cropped-logo.webp","contentUrl":"https:\/\/meblekuchenne.pl\/sklep\/wp-content\/uploads\/2025\/06\/cropped-cropped-logo.webp","width":735,"height":715,"caption":"MebleKuchenne.PL - SKLEP"},"image":{"@id":"https:\/\/meblekuchenne.pl\/sklep\/#\/schema\/logo\/image\/"}},{"@type":"Person","@id":"https:\/\/meblekuchenne.pl\/sklep\/#\/schema\/person\/4a5d58e5e09236373ac8819571afb2ad","name":"saem","image":{"@type":"ImageObject","inLanguage":"pl-PL","@id":"https:\/\/meblekuchenne.pl\/sklep\/#\/schema\/person\/image\/","url":"https:\/\/meblekuchenne.pl\/sklep\/wp-content\/uploads\/nsl_avatars\/c704e63740b3b0ef91ab810d43b8429d.png","contentUrl":"https:\/\/meblekuchenne.pl\/sklep\/wp-content\/uploads\/nsl_avatars\/c704e63740b3b0ef91ab810d43b8429d.png","caption":"saem"},"sameAs":["http:\/\/meblek88.webd.pro\/meblekuchenne"],"url":"https:\/\/meblekuchenne.pl\/sklep\/author\/saem\/"}]}},"_links":{"self":[{"href":"https:\/\/meblekuchenne.pl\/sklep\/wp-json\/wp\/v2\/posts\/72660","targetHints":{"allow":["GET"]}}],"collection":[{"href":"https:\/\/meblekuchenne.pl\/sklep\/wp-json\/wp\/v2\/posts"}],"about":[{"href":"https:\/\/meblekuchenne.pl\/sklep\/wp-json\/wp\/v2\/types\/post"}],"author":[{"embeddable":true,"href":"https:\/\/meblekuchenne.pl\/sklep\/wp-json\/wp\/v2\/users\/1"}],"replies":[{"embeddable":true,"href":"https:\/\/meblekuchenne.pl\/sklep\/wp-json\/wp\/v2\/comments?post=72660"}],"version-history":[{"count":74,"href":"https:\/\/meblekuchenne.pl\/sklep\/wp-json\/wp\/v2\/posts\/72660\/revisions"}],"predecessor-version":[{"id":72746,"href":"https:\/\/meblekuchenne.pl\/sklep\/wp-json\/wp\/v2\/posts\/72660\/revisions\/72746"}],"wp:featuredmedia":[{"embeddable":true,"href":"https:\/\/meblekuchenne.pl\/sklep\/wp-json\/wp\/v2\/media\/72706"}],"wp:attachment":[{"href":"https:\/\/meblekuchenne.pl\/sklep\/wp-json\/wp\/v2\/media?parent=72660"}],"wp:term":[{"taxonomy":"category","embeddable":true,"href":"https:\/\/meblekuchenne.pl\/sklep\/wp-json\/wp\/v2\/categories?post=72660"},{"taxonomy":"post_tag","embeddable":true,"href":"https:\/\/meblekuchenne.pl\/sklep\/wp-json\/wp\/v2\/tags?post=72660"}],"curies":[{"name":"wp","href":"https:\/\/api.w.org\/{rel}","templated":true}]}}