{"id":63278,"date":"2025-09-11T10:36:06","date_gmt":"2025-09-11T08:36:06","guid":{"rendered":"https:\/\/meblekuchenne.pl\/sklep\/?p=63278"},"modified":"2025-09-25T15:02:42","modified_gmt":"2025-09-25T13:02:42","slug":"jasna-kuchnia","status":"publish","type":"post","link":"https:\/\/meblekuchenne.pl\/sklep\/jasna-kuchnia\/","title":{"rendered":"Jasna kuchnia &#8211; dlaczego warto wybra\u0107 w\u0142a\u015bnie tak\u0105"},"content":{"rendered":"\t\t<div data-elementor-type=\"wp-post\" data-elementor-id=\"63278\" class=\"elementor elementor-63278\" data-elementor-post-type=\"post\">\n\t\t\t\t<div class=\"elementor-element elementor-element-1c302df e-flex e-con-boxed e-con e-parent\" data-id=\"1c302df\" data-element_type=\"container\">\n\t\t\t\t\t<div class=\"e-con-inner\">\n\t\t\t\t<div class=\"elementor-element elementor-element-8dc12c8 elementor-widget elementor-widget-image\" data-id=\"8dc12c8\" data-element_type=\"widget\" data-widget_type=\"image.default\">\n\t\t\t\t<div class=\"elementor-widget-container\">\n\t\t\t\t\t\t\t\t\t\t\t\t\t\t\t<img fetchpriority=\"high\" decoding=\"async\" width=\"800\" height=\"600\" src=\"https:\/\/meblekuchenne.pl\/sklep\/wp-content\/uploads\/2025\/09\/3_w-scaled-1-1024x768.webp\" class=\"attachment-large size-large wp-image-62805\" alt=\"Jasna kuchnia z drewnem -- meble kuchenne skandynawskie.\" srcset=\"https:\/\/meblekuchenne.pl\/sklep\/wp-content\/uploads\/2025\/09\/3_w-scaled-1-1024x768.webp 1024w, https:\/\/meblekuchenne.pl\/sklep\/wp-content\/uploads\/2025\/09\/3_w-scaled-1-300x225.webp 300w, https:\/\/meblekuchenne.pl\/sklep\/wp-content\/uploads\/2025\/09\/3_w-scaled-1-768x576.webp 768w, https:\/\/meblekuchenne.pl\/sklep\/wp-content\/uploads\/2025\/09\/3_w-scaled-1-1536x1152.webp 1536w, https:\/\/meblekuchenne.pl\/sklep\/wp-content\/uploads\/2025\/09\/3_w-scaled-1-2048x1536.webp 2048w, https:\/\/meblekuchenne.pl\/sklep\/wp-content\/uploads\/2025\/09\/3_w-scaled-1-1320x990.webp 1320w, https:\/\/meblekuchenne.pl\/sklep\/wp-content\/uploads\/2025\/09\/3_w-scaled-1-600x450.webp 600w\" sizes=\"(max-width: 800px) 100vw, 800px\" \/>\t\t\t\t\t\t\t\t\t\t\t\t\t\t\t<\/div>\n\t\t\t\t<\/div>\n\t\t\t\t\t<\/div>\n\t\t\t\t<\/div>\n\t\t<div class=\"elementor-element elementor-element-18eba91a e-flex e-con-boxed e-con e-parent\" data-id=\"18eba91a\" data-element_type=\"container\">\n\t\t\t\t\t<div class=\"e-con-inner\">\n\t\t\t\t<div class=\"elementor-element elementor-element-4069db83 elementor-widget elementor-widget-text-editor\" data-id=\"4069db83\" data-element_type=\"widget\" data-widget_type=\"text-editor.default\">\n\t\t\t\t<div class=\"elementor-widget-container\">\n\t\t\t\t\t\t\t\t\t<h2 id=\"h-jasna-kuchnia-dlaczego-warto-wybrac-wlasnie-taka\" class=\"wp-block-heading\">Jasna kuchnia &#8211; przytulno\u015b\u0107 i ciep\u0142o wn\u0119trz<\/h2>\n<p><!-- \/wp:heading --><!-- wp:paragraph --><\/p>\n<p>Jasna kuchnia z drewnem to ten rodzaj rodzaj mebli kuchennych kt\u00f3ry najch\u0119tniej wybieracie. Jasne fronty kuchenne i jasne drewniane blaty nadaj\u0105 kuchni elegancji. Ponadto jasne barwy otulaj\u0105 i ocieplaj\u0105 wn\u0119trze. S\u0105 niesamowicie przyjemne w odbiorze. Przygotowuj\u0105c dla Was <a href=\"https:\/\/meblekuchenne.pl\/projekt-kuchnie\/\" target=\"_blank\" rel=\"noreferrer noopener\">projekt kuchni <\/a>podpytujemy Was o Wasze marzenia i inspiracje. St\u0105d te\u017c wiemy w jakich wn\u0119trzach czujecie si\u0119 najlepiej. To zdecydowanie jasne barwy &#8211; be\u017cowe kuchnie, kaszmir kuchnie, bia\u0142a kuchnia. Generalnie jasne meble kuchenne, kt\u00f3re nadaj\u0105 kuchni nowoczesny sznyt.<\/p>\n<p><!-- \/wp:paragraph --><!-- wp:heading {\"level\":3} --><\/p>\n<h3 id=\"h-zalety-jasnych-kolorow-przytulnosc-jasnych-kuchni\" class=\"wp-block-heading\">Zalety jasnych kolor\u00f3w &#8211; przytulno\u015b\u0107 jasnych kuchni<\/h3>\n<p><!-- \/wp:heading --><!-- wp:paragraph --><\/p>\n<p>Jak urz\u0105dzi\u0107 nowoczesn\u0105 kuchnie? Przepis jest prosty! Postaw na jasne meble kuchenne, wybierz sw\u00f3j styl kuchni, dobierz kolory kuchni (\u015bcian) i b\u0105d\u017a w ko\u0144cu u siebie. Co nam daje jasna kolorystyka kuchni i tego rodzaju aran\u017cacje wn\u0119trz kuchni? Ciep\u0142o we wn\u0119trzu, spok\u00f3j i harmoni\u0119 pastelowych barw.<\/p>\n<p><!-- \/wp:paragraph --><!-- wp:heading {\"level\":3} --><\/p>\n<h3 id=\"h-efekt-jasnej-kuchni-optyczne-powiekszenie\" class=\"wp-block-heading\">Efekt jasnej kuchni &#8211; optyczne powi\u0119kszenie<\/h3>\n<p><!-- \/wp:heading --><!-- wp:paragraph --><\/p>\n<p>Zalety jasnej kuchni s\u0105 niepodwa\u017calne. Jasne kolory powi\u0119kszaj\u0105 przestrze\u0144 i nadaj\u0105 kuchni elegancji. Je\u015bli masz w\u0105tpliwo\u015bci to przejrzyj <a href=\"https:\/\/meblekuchenne.pl\/inspiracje-i-realizacje\/\" target=\"_blank\" rel=\"noreferrer noopener\">nasze aran\u017cacje kuchni<\/a>, \u017ceby si\u0119 upewni\u0107, \u017ce jasne szafki kuchenne to dobry wyb\u00f3r.<\/p>\n<p><!-- \/wp:paragraph --><!-- wp:heading --><\/p>\n<h2 id=\"h-jasna-kuchnia-inspirowana-roznymi-stylami\" class=\"wp-block-heading\">Jasna kuchnia inspirowana r\u00f3\u017cnymi stylami<\/h2>\n<p><!-- \/wp:heading --><!-- wp:paragraph --><\/p>\n<p>Jak powinna wygl\u0105da\u0107 nowoczesna kuchnia jasna? Jak dobrze zaplanowa\u0107 jasn\u0105 kuchni\u0119<code>? Zastan\u00f3w si\u0119 czego potrzebujesz i jakie wn\u0119trze chcesz stworzy\u0107. Czy ma by\u0107 to <\/code>elegancka kuchnia w stylu bia\u0142a kuchnia z marmurow\u0105 \u015bcian\u0105 czy mo\u017ce <a href=\"https:\/\/meblekuchenne.pl\/kammono-f7\/\" target=\"_blank\" rel=\"noreferrer noopener\">przytulna kuchnia w stylu skandynawskim<\/a>. A mo\u017ce styl skandynawski nowoczesny z bia\u0142ymi g\u0142adkimi frontami kuchennymi? Od czego zacz\u0105\u0107 planowanie jasnej kuchni? Czym si\u0119 wyr\u00f3\u017cniaj\u0105 aran\u017cacje wn\u0119trz kuchni w takim przytulnym i swojskim klimacie?<\/p>\n<p><!-- \/wp:paragraph --><!-- wp:heading {\"level\":3} --><\/p>\n<h3 id=\"h-kuchnie-w-stylu-skandynawskim-jasnoszara-kuchnia-z-drewnem\" class=\"wp-block-heading\">Kuchnie w stylu skandynawskim &#8211; jasnoszara kuchnia z drewnem<\/h3>\n<p><!-- \/wp:heading --><!-- wp:paragraph --><\/p>\n<p>Kuchnie skandynawskie zachwycaj\u0105 swoj\u0105 prostot\u0105, pastelowymi i stonowanymi barwami. Jasne kuchnie skandynawskie daj\u0105 przestrze\u0144 do \u017cycia. Styl skandynawski nowoczesny absolutnie nie ogranicza. Minimalistyczna <a href=\"https:\/\/meblekuchenne.pl\/meble-kammono-l4\/\" target=\"_blank\" rel=\"noreferrer noopener\">nowoczesna kuchnia z frontem bezuchwytowym<\/a> to hit ostatnich lat i nowa ods\u0142ona prezentowana przez kuchnie skandynawskie. Jasnoszara kuchnia z drewnem czy bia\u0142a kuchnia w stylu skandynawskim? Sam\/a zdecyduj \ud83d\ude42<\/p>\n<p><!-- \/wp:paragraph --><!-- wp:heading {\"level\":3} --><\/p>\n<h3 id=\"h-jasna-kuchnia-w-stylu-nowoczesnym\" class=\"wp-block-heading\">Jasna kuchnia w stylu nowoczesnym<\/h3>\n<p><!-- \/wp:heading --><!-- wp:paragraph --><\/p>\n<p>Jasna kuchnia wygl\u0105da doskonale z frontem w po\u0142ysku jak i w macie. Cz\u0119sto pytacie nas mat czy po\u0142ysk. Typ frontu w jasnej kuchni zale\u017cy tylko od tego jak bardzo lubicie sprz\u0105ta\u0107 \ud83d\ude09 Nowoczesne aran\u017cacje wn\u0119trz budowane s\u0105 na bazie i mat\u00f3w i po\u0142ysk\u00f3w. PS. jasne meble kuchenne w po\u0142ysku czy\u015bci si\u0119 \u0142atwiej. Szafki kuchenne matowe to mn\u00f3stwo odcisk\u00f3w palc\u00f3w trudniejszych do domycia.<\/p>\n<p><!-- \/wp:paragraph --><!-- wp:heading {\"level\":3} --><\/p>\n<h3 id=\"h-styl-klasyczny-elegancja-i-frezowane-detale\" class=\"wp-block-heading\">Styl klasyczny: elegancja i frezowane detale<\/h3>\n<p><!-- \/wp:heading --><!-- wp:paragraph --><\/p>\n<p>Jaki styl kuchni najcz\u0119\u015bciej wybieracie? Nie jeste\u015bmy w stanie jednoznacznie odpowiedzie\u0107 czy s\u0105 to kuchnie klasyczne, kuchnie tradycyjne, kuchnie prowansalskie czy jasna kuchnia inspirowana boho. Czasem jest to jasnoszara kuchnia z drewnem, przytulna kuchnia w stylu skandynawskim, szara kuchnia a jeszcze cz\u0119\u015bciej be\u017cowe kuchnie. Tak czy inaczej jasna kuchnia doskonale wpisze si\u0119 w ka\u017cde wn\u0119trze.<\/p>\n<p><!-- \/wp:paragraph --><!-- wp:heading {\"level\":3} --><\/p>\n<h3 id=\"h-kuchnie-w-stylu-prowansalskim-prowansalskie-meble-kuchenne\" class=\"wp-block-heading\">Kuchnie w stylu prowansalskim &#8211; prowansalskie meble kuchenne<\/h3>\n<p><!-- \/wp:heading --><!-- wp:paragraph --><\/p>\n<p>W nowoczesne aran\u017cacje wn\u0119trz wpisuj\u0105 si\u0119 te\u017c <a href=\"https:\/\/meblekuchenne.pl\/kuchnia-prowansalska-meble-kuchenne-stylowe\/\" target=\"_blank\" rel=\"noreferrer noopener\">kuchnie prowansalskie<\/a>. Styl prowansalski charakteryzuj\u0105 jasne meble kredensowe. Prowansalskie meble kuchenne to g\u0142\u00f3wnie bia\u0142e wn\u0119trze kuchni i jasne drewniane blaty. Aran\u017cacja bia\u0142ej kuchni jest niezwykle \u0142atwa. Te jasne kuchnie klasyczne nadaj\u0105 kuchni elegancji, ciep\u0142a i szyku.<\/p>\n<p><!-- \/wp:paragraph --><!-- wp:heading --><\/p>\n<h2 id=\"h-jasna-kuchnia-w-aspekcie-frontow-kuchennych\" class=\"wp-block-heading\">Jasna kuchnia w aspekcie front\u00f3w kuchennych<\/h2>\n<p><!-- \/wp:heading --><!-- wp:paragraph --><\/p>\n<p>Na efekt jasnej kuchni sk\u0142ada si\u0119 zar\u00f3wno wn\u0119trze kuchni jak r\u00f3wnie\u017c odpowiednio dobrane kolory kuchni. Jak zaplanowa\u0107 jasn\u0105 kuchni\u0119, \u017ceby unikn\u0105\u0107 b\u0142\u0119d\u00f3w? Jakie s\u0105 zalety jasnej kuchni i<a href=\"https:\/\/meblekuchenne.pl\/sklep\/fronty-kuchenne\/\" target=\"_blank\" rel=\"noreferrer noopener\"> jak wybra\u0107 odpowiedni front kuchenny<\/a>? Z pomoc\u0105 mo\u017ce przyj\u015b\u0107 <a href=\"https:\/\/meblekuchenne.pl\/sklep\/product\/wzornik-frontow-kam\/\" target=\"_blank\" rel=\"noreferrer noopener\">wzornik front\u00f3w meblowych<\/a> i profesjonalny <a href=\"https:\/\/meblekuchenne.pl\/projekt-kuchnie\/\" target=\"_blank\" rel=\"noreferrer noopener\">projekt kuchni<\/a>. Wiemy jak urz\u0105dzi\u0107 nowoczesn\u0105 kuchni\u0119. Styl klasyczny, styl prowansalski, kuchnie skandynawskie, minimalistyczna nowoczesna kuchnia &#8211; wszystkie s\u0105 nam doskonale znane. Ty wybierz tylko fronty kuchenne bo to one nadaj\u0105 kuchni nowoczesny b\u0105d\u017a klasyczny wygl\u0105d.<\/p>\n<p><!-- \/wp:paragraph --><!-- wp:heading {\"level\":3} --><\/p>\n<h3 id=\"h-jasne-aranzacje-kuchni-z-frezowanymi-frontami-przytulna-kuchnia-w-stylu-skandynawskim\" class=\"wp-block-heading\">Jasne aran\u017cacje kuchni z frezowanymi frontami &#8211; przytulna kuchnia w stylu skandynawskim<\/h3>\n<p><!-- \/wp:heading --><!-- wp:paragraph --><\/p>\n<p>jasna kuchnia inspirowana ch\u0142odem Skandynawii bia\u0142a kuchnia w stylu skandynawskim to te\u017c bia\u0142a kuchnia z marmurow\u0105 \u015bcian\u0105 kuchnie skandynawskie zachwycaj\u0105 jasnoszara kuchnia z drewnem styl skandynawski nowoczesny jasne kuchnie skandynawskie<\/p>\n<p><!-- \/wp:paragraph --><!-- wp:heading {\"level\":3} --><\/p>\n<h3 id=\"h-jasne-kuchnie-tradycyjne\" class=\"wp-block-heading\">Jasne kuchnie tradycyjne<\/h3>\n<p><!-- \/wp:heading --><!-- wp:paragraph --><\/p>\n<p>Jasna kuchnia nie ogranicza si\u0119 wy\u0142\u0105cznie do bia\u0142ego koloru i nie r\u00f3wna si\u0119 bia\u0142e wn\u0119trze kuchni. To te\u017c niekoniecznie szara kuchnia. Jasne kuchnie tradycyjne to odcienie zieleni &#8211; oliwka, sza\u0142wia, kuchnie kaszmir i be\u017cowe kuchnie. Paleta jest naprawd\u0119 spora. W kuchniach tradycyjnych pojawiaj\u0105 si\u0119 te\u017c jasne meble kredensowe, cz\u0119sto w ciekawym, innym odcieniu ni\u017c szafki kuchenne.<\/p>\n<p><!-- \/wp:paragraph --><!-- wp:heading --><\/p>\n<h2 id=\"h-jasne-drewniane-blaty-i-co-na-sciane-w-kuchni\" class=\"wp-block-heading\">Jasne drewniane blaty i co na \u015bcian\u0119 w kuchni?<\/h2>\n<p><!-- \/wp:heading --><!-- wp:paragraph --><\/p>\n<p>Robimy projekt kuchni, rozmawiamy z Wami i zastanawiamy si\u0119 wsp\u00f3lnie jak zaplanowa\u0107 jasn\u0105 kuchni\u0119 i <a href=\"https:\/\/meblekuchenne.pl\/sklep\/product\/blaty-kuchenne\/\" target=\"_blank\" rel=\"noreferrer noopener\">jak dobra\u0107 blat kuchenny<\/a>. W wyniku naszej wsp\u00f3\u0142pracy powstaj\u0105 jasne kuchnie skandynawskie, jasne kuchnie tradycyjne, kuchnie nowoczesne czy kuchnie na wymiar. Dok\u0142adnie takie o jakich od dawna marzycie. I kiedy wszystko jest w\u0142a\u015bciwie dopi\u0119te pada pytanie &#8220;co na \u015bcian\u0119 w kuchni&#8221;. Jak bia\u0142a kuchnia to z marmurow\u0105 \u015bcian\u0105 czy ze szk\u0142em dekoracyjnym? A ma\u0142a bia\u0142a kuchnia? Czy ona wymaga jasnego akcentu? Czy ceg\u0142a w kuchni b\u0119dzie dobrym pomys\u0142em? Jasne kuchnie skandynawskie lubi\u0105 kontrasty. Jasna kuchnia z ciemnym akcentem prezentuje si\u0119 niezwykle elegancko.<\/p>\n<p><!-- \/wp:paragraph --><!-- wp:heading --><\/p>\n<h2 id=\"h-kolorystyka-i-kontrasty-w-jasnej-kuchni\" class=\"wp-block-heading\">Kolorystyka i kontrasty w jasnej kuchni<\/h2>\n<p><!-- \/wp:heading --><!-- wp:paragraph --><\/p>\n<p>Nowoczesna jasna kuchnia jest wbrew pozorom lekka do aran\u017cacji. W pierwszej kolejno\u015bci nale\u017cy si\u0119 zastanowi\u0107 jaki efekt chcemy osi\u0105gn\u0105\u0107. Czy pomieszczenie ma by\u0107 bardzo sp\u00f3jne z reszt\u0105 domu czy mo\u017ce jednak ma tworzy\u0107 kontrast. Czy kuchnia jako pomieszczenie w ca\u0142o\u015bci ma by\u0107 jasna (sprawd\u017a <a href=\"https:\/\/meblekuchenne.pl\/inspiracje-i-realizacje\/\" target=\"_blank\" rel=\"noreferrer noopener\">jasna kuchnia inspiracje<\/a>) czy pragniemy, \u017ceby to by\u0142a jasna kuchnia z ciemnym akcentem typu betonowa \u015bciana, ciemna tapeta. Tak czy inaczej jasne szafki kuchenne\/jasna kuchnia doskonale koresponduj\u0105 z wi\u0119kszo\u015bci\u0105 kolor\u00f3w. Planowanie jasnej kuchni to wielka przyjemno\u015b\u0107.<\/p>\n<p><!-- \/wp:paragraph --><!-- wp:heading {\"level\":3} --><\/p>\n<h3 id=\"h-jasne-kolory-jako-baza-aranzacji\" class=\"wp-block-heading\">Jasne kolory jako baza aran\u017cacji<\/h3>\n<p><!-- \/wp:heading --><!-- wp:paragraph --><\/p>\n<p>Jakie s\u0105 zalety jasnej kuchni? Po pierwsze to jasne fronty kuchenne optycznie powi\u0119kszaj\u0105 wn\u0119trze i daj\u0105 po prostu efekt jasnej kuchni. Bia\u0142a kuchnia w stylu skandynawskim wprowadza harmoni\u0119 i r\u00f3wnowag\u0119 do \u017cycia. Klasyczna jasna kuchnia to powr\u00f3t do tradycji, do tego wszystkiego co wa\u017cne od pokole\u0144.<\/p>\n<p><!-- \/wp:paragraph --><!-- wp:heading {\"level\":3} --><\/p>\n<h3 id=\"h-jasna-kuchnia-z-ciemnym-akcentem-minimalistyczna-nowoczesna-kuchnia\" class=\"wp-block-heading\">Jasna kuchnia z ciemnym akcentem \u2013 minimalistyczna nowoczesna kuchnia<\/h3>\n<p><!-- \/wp:heading --><!-- wp:paragraph --><\/p>\n<p>Elegancka klasyczna kuchnia lubi ciemne akcenty. Postaw na jasne fronty kuchenne i kontrastuj\u0105cy z nimi <a href=\"https:\/\/meblekuchenne.pl\/sklep\/product\/blaty-kuchenne\/\" target=\"_blank\" rel=\"noreferrer noopener\">blat kuchenny <\/a>w kolorze d\u0105b belmont czy d\u0105b halifax. Bia\u0142e wn\u0119trze kuchni dodatkowo podkre\u015bli i wzmocni ten efekt wizualny. Nie obawiaj si\u0119 &#8211; jasnej kuchni zale\u017cy na kontrastach, dobrze si\u0119 w nich czuje.<\/p>\n<p><!-- \/wp:paragraph --><!-- wp:heading {\"level\":3} --><\/p>\n<h3 id=\"h-pastelowe-dodatki-jasna-kuchnia-inspirowana-natura\" class=\"wp-block-heading\">Pastelowe dodatki \u2013 jasna kuchnia inspirowana natur\u0105<\/h3>\n<p><!-- \/wp:heading --><!-- wp:paragraph --><\/p>\n<p>Elegancka bia\u0142a kuchnia w stylu klasycznym i jasne meble kredensowe czy mo\u017ce bia\u0142a kuchnia z marmurow\u0105 \u015bcian\u0105 w stylu glamour? Projektowanie bia\u0142ej kuchni to dla nas chleb powszedni. Lubimy je, bo one nigdy nie wychodz\u0105 z mody. Elegancka bia\u0142a kuchnia zawsze si\u0119 obroni. Baw si\u0119 dodatkami, korzystaj z kolor\u00f3w i wzor\u00f3w a w ten spos\u00f3b wn\u0119trze zawsze b\u0119dzie modne. A co najwa\u017cniejsze ma\u0142ym kosztem.<\/p>\n<p><!-- \/wp:paragraph --><!-- wp:heading --><\/p>\n<h2 id=\"h-uklad-i-funkcjonalnosc-jasnej-kuchni\" class=\"wp-block-heading\">Uk\u0142ad i funkcjonalno\u015b\u0107 jasnej kuchni<\/h2>\n<p><!-- \/wp:heading --><!-- wp:paragraph --><\/p>\n<p>Jakie s\u0105 najbardziej typowe ustawienia szafek w kuchni? Jak wygl\u0105da planowanie przestrzeni pod wzgl\u0119dem ergonomii? Czym si\u0119 sugerowa\u0107 przy wyborze? Nowoczesne aran\u017cacje wn\u0119trz dost\u0119pne na <a href=\"https:\/\/meblekuchenne.pl\/\" target=\"_blank\" rel=\"noreferrer noopener\">meblekuchenne.pl<\/a> czy na innych r\u00f3\u017cnych forach internetowych pod has\u0142em &#8220;jak urz\u0105dzi\u0107 kuchni\u0119&#8221; przychodz\u0105 nam cz\u0119sto z pomoc\u0105. Daj\u0105 pogl\u0105d na to, co nam si\u0119 podoba, pokazuj\u0105 wady i zalety jasnej kuchni. Kolejnym krokiem jest dobry projekt kuchni, kt\u00f3ry poka\u017ce nam jak\u0105 form\u0119 mog\u0105 przybra\u0107 meble do kuchni w pomieszczeniu, kt\u00f3rym dysponujemy.<\/p>\n<p><!-- \/wp:paragraph --><!-- wp:heading {\"level\":3} --><\/p>\n<h3 id=\"h-mala-kuchnia-z-wyspa-i-z-polwyspem\" class=\"wp-block-heading\">Ma\u0142a kuchnia z wysp\u0105 i z p\u00f3\u0142wyspem<\/h3>\n<p><!-- \/wp:heading --><!-- wp:paragraph --><\/p>\n<p>Polecane przez nas do \u015bredniej wielko\u015bci pomieszcze\u0144. Tam, gdzie nie wejdzie <a href=\"https:\/\/meblekuchenne.pl\/sklep\/product-category\/meble-kam\/elementy-wykonczeniowe\/stoly-kuchenne\/\" target=\"_blank\" rel=\"noreferrer noopener\">st\u00f3\u0142 kuchenny<\/a> z pomoc\u0105 przyjdzie wyspa z dwoma lub trzema miejscami do siedzenia. To dobra alternatywa, \u017ceby usi\u0105\u015b\u0107, zje\u015b\u0107 posi\u0142ek czy wypi\u0107 fili\u017cank\u0119 porannej kawy.<\/p>\n<p><!-- \/wp:paragraph --><!-- wp:heading {\"level\":3} --><\/p>\n<h3 id=\"h-meble-do-kuchni-w-bloku\" class=\"wp-block-heading\">Meble do kuchni w bloku<\/h3>\n<p><!-- \/wp:heading --><!-- wp:paragraph --><\/p>\n<p>Szukasz pomys\u0142u na aran\u017cacje wn\u0119trz kuchni w bloku? Zastanawiasz si\u0119 jak zaplanowa\u0107 jasn\u0105 kuchni\u0119? To bardzo dobry pomys\u0142! Dlaczego? Ano dlatego, \u017ce jasna kuchnia doskonale wpisze si\u0119 w klimat takiego mieszkania. Przy jej pomocy stworzysz bardzo przytulne wn\u0119trze zach\u0119caj\u0105ce do odpoczynku. A co wa\u017cne &#8211; optycznie powi\u0119kszysz przestrze\u0144.<\/p>\n<p><!-- \/wp:paragraph --><!-- wp:heading --><\/p>\n<h2 id=\"h-aranzacje-tematyczne-jasnych-kuchni\" class=\"wp-block-heading\">Aran\u017cacje tematyczne jasnych kuchni<\/h2>\n<p><!-- \/wp:heading --><!-- wp:paragraph --><\/p>\n<p>Jasne kuchnie klasyczne to ponadczasowy wyb\u00f3r, kt\u00f3ry doskonale sprawdza si\u0119 w r\u00f3\u017cnych aran\u017cacjach tematycznych \u2013 od stylu rustykalnego, przez nowoczesny minimalizm, a\u017c po styl inspirowany p\u00f3\u0142noc\u0105. Gdy na wygl\u0105d jasnej kuchni zale\u017cy Ci szczeg\u00f3lnie, warto postawi\u0107 na sprawdzone rozwi\u0105zania, kt\u00f3re \u0142\u0105cz\u0105 funkcjonalno\u015b\u0107 z estetyk\u0105. Kuchnie skandynawskie zachwycaj\u0105 prostot\u0105, naturalnymi materia\u0142ami i przytulnym klimatem \u2013 to idealna inspiracja do stworzenia jasnej, harmonijnej przestrzeni, w kt\u00f3rej chce si\u0119 przebywa\u0107 ka\u017cdego dnia.<\/p>\n<p><!-- \/wp:paragraph --><!-- wp:heading {\"level\":3} --><\/p>\n<h3 id=\"h-jasna-kuchnia-z-drewnem-elegancka-klasyczna-kuchnia\" class=\"wp-block-heading\">Jasna kuchnia z drewnem \u2013 elegancka klasyczna kuchnia<\/h3>\n<p><!-- \/wp:heading --><!-- wp:paragraph --><\/p>\n<p>Po\u0142\u0105czenie jasnych front\u00f3w z naturalnym drewnem to sprawdzony spos\u00f3b na stworzenie przestrzeni, kt\u00f3ra \u0142\u0105czy przytulno\u015b\u0107 z wyrafinowanym stylem. Elegancka klasyczna kuchnia z elementami drewna zachwyca subtelnym urokiem, a jednocze\u015bnie pozostaje funkcjonalna i ponadczasowa. Taki wystr\u00f3j \u015bwietnie wpisuje si\u0119 zar\u00f3wno w tradycyjne aran\u017cacje, jak i nowoczesne interpretacje stylu klasycznego.<\/p>\n<p><!-- \/wp:paragraph --><!-- wp:heading {\"level\":3} --><\/p>\n<h3 id=\"h-nowoczesna-jasna-kuchnia-z-ciemnym-blatem\" class=\"wp-block-heading\">Nowoczesna jasna kuchnia z ciemnym blatem<\/h3>\n<p><!-- \/wp:heading --><!-- wp:paragraph --><\/p>\n<p>Po\u0142\u0105czenie jasnych szafek z ciemnym blatem to spos\u00f3b na uzyskanie eleganckiego i nowoczesnego efektu. Taka jasna kuchnia z ciemnym akcentem wprowadza wyrazisto\u015b\u0107 do aran\u017cacji, nie trac\u0105c przy tym swojej lekko\u015bci i przestronno\u015bci. To doskona\u0142y wyb\u00f3r dla os\u00f3b szukaj\u0105cych wywa\u017conego designu, w kt\u00f3rym kontrast podkre\u015bla charakter wn\u0119trza. Szukaj\u0105c pomys\u0142\u00f3w na urz\u0105dzenie takiego wn\u0119trza, warto przejrze\u0107 r\u00f3\u017cne jasna kuchnia inspiracje, by znale\u017a\u0107 idealne zestawienie kolor\u00f3w i materia\u0142\u00f3w.<\/p>\n<p><!-- \/wp:paragraph --><!-- wp:heading {\"level\":3} --><\/p>\n<h3 id=\"h-kuchnia-bialo-czarna-gra-swiatla-i-cienia\" class=\"wp-block-heading\">Kuchnia bia\u0142o-czarna \u2013 gra \u015bwiat\u0142a i cienia<\/h3>\n<p><!-- \/wp:heading --><!-- wp:paragraph --><\/p>\n<p>Kontrast bieli i czerni to klasyka, kt\u00f3ra nie wychodzi z mody. Elegancka bia\u0142a kuchnia zestawiona z ciemnymi dodatkami zyskuje wyrazisty charakter i nowoczesny styl. Taki uk\u0142ad \u015bwietnie sprawdza si\u0119 nawet w niewielkich wn\u0119trzach \u2013 ma\u0142a bia\u0142a kuchnia z czarnym akcentem optycznie si\u0119 powi\u0119ksza, a jednocze\u015bnie zyskuje g\u0142\u0119bi\u0119 i unikalny klimat. Czarno-bia\u0142a paleta barw pozwala na stworzenie aran\u017cacji, kt\u00f3ra zachwyca r\u00f3wnowag\u0105 pomi\u0119dzy \u015bwiat\u0142em a cieniem.<\/p>\n<p><!-- \/wp:paragraph --><!-- wp:heading --><\/p>\n<h2 id=\"h-projektowanie-i-planowanie-jasna-kuchnia-inspiracje\" class=\"wp-block-heading\">Projektowanie i planowanie jasna kuchnia inspiracje<\/h2>\n<p><!-- \/wp:heading --><!-- wp:paragraph --><\/p>\n<p>Starannie zaplanowana, jasna kuchnia doskonale \u0142\u0105czy funkcjonalno\u015b\u0107 z estetyk\u0105, tworz\u0105c przestrze\u0144 idealn\u0105 zar\u00f3wno do gotowania, jak i codziennego \u017cycia. Niezale\u017cnie od tego, czy interesuje Ci\u0119 przestronna aran\u017cacja, czy ma\u0142a bia\u0142a kuchnia w bloku \u2013 kluczowe znaczenie ma przemy\u015blane rozplanowanie ka\u017cdego detalu. Projektowanie bia\u0142ej kuchni to proces, kt\u00f3ry warto powierzy\u0107 specjalistom. W <a href=\"http:\/\/meblekuchenne.pl\">meblekuchenne.pl<\/a> realizujemy indywidualne projekty kuchni, dostosowane do potrzeb naszych klient\u00f3w \u2013 od koncepcji, a\u017c po monta\u017c. Dzi\u0119ki naszym rozwi\u0105zaniom nawet niewielkie wn\u0119trza zyskuj\u0105 styl, wygod\u0119 i ponadczasowy charakter.<\/p>\n<p><!-- \/wp:paragraph --><!-- wp:heading {\"level\":3} --><\/p>\n<h3 id=\"h-jasna-kuchnia-na-wymiar-dopasowanie-do-potrzeb\" class=\"wp-block-heading\">Jasna kuchnia na wymiar \u2013 dopasowanie do potrzeb<\/h3>\n<p><!-- \/wp:heading --><!-- wp:paragraph --><\/p>\n<p>Ka\u017cde wn\u0119trze jest inne, dlatego <strong>jasna kuchnia na wymiar<\/strong> to najlepszy spos\u00f3b na pe\u0142ne wykorzystanie dost\u0119pnej przestrzeni i spe\u0142nienie indywidualnych oczekiwa\u0144. W <a href=\"http:\/\/meblekuchenne.pl\">meblekuchenne.pl<\/a> tworzymy kuchnie, kt\u00f3re nie tylko \u015bwietnie wygl\u0105daj\u0105, ale te\u017c s\u0105 maksymalnie funkcjonalne. Dzi\u0119ki dopasowaniu mebli, uk\u0142adu i detali do konkretnego pomieszczenia, uzyskujemy aran\u017cacje, kt\u00f3re zachwycaj\u0105 ergonomi\u0105 i estetyk\u0105. Niezale\u017cnie od metra\u017cu czy stylu \u2013 projektujemy kuchnie, kt\u00f3re naprawd\u0119 odpowiadaj\u0105 na potrzeby domownik\u00f3w.<\/p>\n<p><!-- \/wp:paragraph --><!-- wp:heading --><\/p>\n<h2 id=\"h-podsumowanie-czy-jasna-kuchnia-to-dobry-wybor\" class=\"wp-block-heading\">Podsumowanie: czy jasna kuchnia to dobry wyb\u00f3r?<\/h2>\n<p><!-- \/wp:heading --><!-- wp:paragraph --><\/p>\n<p><strong>Przestronno\u015b\u0107 i elegancja:<\/strong> Jasne meble kuchenne odbijaj\u0105 \u015bwiat\u0142o, co optycznie powi\u0119ksza i rozja\u015bnia. W efekcie nawet ma\u0142a kuchnia staje si\u0119 ja\u015bniejsza i bardziej przestronna, co dodaje jej nowoczesnego sznytu. Neutralna paleta kolor\u00f3w (biel, be\u017c, jasna szaro\u015b\u0107) tworzy t\u0142o, kt\u00f3re u\u0142atwia komponowanie dodatk\u00f3w i kolorystycznych, a jednocze\u015bnie wygl\u0105da stylowo i ponadczasowo.<\/p>\n<p><!-- \/wp:paragraph --><!-- wp:paragraph --><\/p>\n<p><strong>Przytulno\u015b\u0107 i harmonia:<\/strong> Jasne, pastelowe barwy wprowadzaj\u0105 do kuchni ciep\u0142o i spok\u00f3j. Mi\u0119kkie zestawienie odcieni (np. delikatne r\u00f3\u017ce, b\u0142\u0119kity, zielenie, kaszmir) nadaje wn\u0119trzu lekko\u015bci i przytulnego charakteru. Po\u0142\u0105czenie bieli z naturalnym drewnem dodatkowo ociepla atmosfer\u0119, tworz\u0105c harmonijny i wyrafinowany efekt.<\/p>\n<p><!-- \/wp:paragraph --><!-- wp:paragraph --><\/p>\n<p><strong>Wszechstronno\u015b\u0107 styl\u00f3w:<\/strong> Jasna kuchnia sprawdzi si\u0119 w r\u00f3\u017cnych aran\u017cacjach. W stylu skandynawskim kr\u00f3luje prostota i jasna kolorystyka \u2013 biel, be\u017ce, szaro\u015bci oraz drewno \u2013 dzi\u0119ki czemu wn\u0119trza s\u0105 jasne i uporz\u0105dkowane. R\u00f3wnie\u017c w kuchniach prowansalskich czy klasycznych wykorzystuje si\u0119 pastele i jasne barwy, by doda\u0107 wn\u0119trzu przytulno\u015bci i elegancji. Jasna baza pozwala p\u0142ynnie przechodzi\u0107 od stylu minimalistycznego do rustykalnego czy glamour, zachowuj\u0105c uniwersalny charakter.<\/p>\n<p><!-- \/wp:paragraph --><!-- wp:paragraph --><\/p>\n<p><strong>Personalizacja i kontrasty:<\/strong> Jasne t\u0142o daje du\u017ce pole do eksperyment\u00f3w. Mo\u017cna doda\u0107 kontrastuj\u0105cy ciemny akcent (np. blat z ciemnego drewna czy ciemna \u015bciana z kamienia), by podkre\u015bli\u0107 elegancj\u0119 i g\u0142\u0119bi\u0119 aran\u017cacji. Z drugiej strony, utrzymanie ca\u0142o\u015bci w stonowanych, jasnych barwach (np. bia\u0142a z marmurem czy jasnoszara z drewnem) zachowa efekt prostoty i lekko\u015bci. W ka\u017cdym przypadku jasna kuchnia pozostaje funkcjonalna i przyjemna w odbiorze, sprzyjaj\u0105c harmonii we wn\u0119trzu.<\/p>\n<p><!-- \/wp:paragraph --><!-- wp:paragraph --><\/p>\n<p>Je\u015bli marzysz o jasnej, przestronnej kuchni na wymiar, zach\u0119camy do kontaktu z naszym zespo\u0142em projektant\u00f3w. Pomo\u017cemy stworzy\u0107 aran\u017cacj\u0119 idealnie dopasowan\u0105 do Twoich potrzeb \u2013 od wyboru front\u00f3w po dob\u00f3r kolor\u00f3w i dodatk\u00f3w. Dzi\u0119ki do\u015bwiadczeniu naszych specjalist\u00f3w Twoja kuchnia b\u0119dzie zarazem elegancka, przytulna i wygodna. Skontaktuj si\u0119 z nami, a razem zaplanujemy kuchni\u0119 Twoich marze\u0144!<\/p>\n<p><!-- \/wp:paragraph --><!-- wp:paragraph --><\/p>\n<p><!-- \/wp:paragraph --><\/p>\t\t\t\t\t\t\t\t<\/div>\n\t\t\t\t<\/div>\n\t\t\t\t\t<\/div>\n\t\t\t\t<\/div>\n\t\t<div class=\"elementor-element elementor-element-24914c9 e-flex e-con-boxed e-con e-parent\" data-id=\"24914c9\" data-element_type=\"container\">\n\t\t\t\t\t<div class=\"e-con-inner\">\n\t\t\t\t<div class=\"elementor-element elementor-element-c1ce61d elementor-widget elementor-widget-image\" data-id=\"c1ce61d\" data-element_type=\"widget\" data-widget_type=\"image.default\">\n\t\t\t\t<div class=\"elementor-widget-container\">\n\t\t\t\t\t\t\t\t\t\t\t\t\t\t\t<img decoding=\"async\" width=\"800\" height=\"600\" src=\"https:\/\/meblekuchenne.pl\/sklep\/wp-content\/uploads\/2025\/09\/projekt-kuchni-2-1024x768.webp\" class=\"attachment-large size-large wp-image-63679\" alt=\"Kuchnie nowoczesne \u2013 co na \u015bcian\u0119 nad blatem, ceg\u0142a dekoracyjna, bia\u0142e p\u0142ytki i drewniane otwarte p\u00f3\u0142ki z czarnymi wspornikami\" srcset=\"https:\/\/meblekuchenne.pl\/sklep\/wp-content\/uploads\/2025\/09\/projekt-kuchni-2-1024x768.webp 1024w, https:\/\/meblekuchenne.pl\/sklep\/wp-content\/uploads\/2025\/09\/projekt-kuchni-2-300x225.webp 300w, https:\/\/meblekuchenne.pl\/sklep\/wp-content\/uploads\/2025\/09\/projekt-kuchni-2-768x576.webp 768w, https:\/\/meblekuchenne.pl\/sklep\/wp-content\/uploads\/2025\/09\/projekt-kuchni-2-1536x1152.webp 1536w, https:\/\/meblekuchenne.pl\/sklep\/wp-content\/uploads\/2025\/09\/projekt-kuchni-2-1320x990.webp 1320w, https:\/\/meblekuchenne.pl\/sklep\/wp-content\/uploads\/2025\/09\/projekt-kuchni-2-600x450.webp 600w, https:\/\/meblekuchenne.pl\/sklep\/wp-content\/uploads\/2025\/09\/projekt-kuchni-2.webp 1920w\" sizes=\"(max-width: 800px) 100vw, 800px\" \/>\t\t\t\t\t\t\t\t\t\t\t\t\t\t\t<\/div>\n\t\t\t\t<\/div>\n\t\t\t\t\t<\/div>\n\t\t\t\t<\/div>\n\t\t\t\t<\/div>\n\t\t","protected":false},"excerpt":{"rendered":"<p>Planujesz remont lub urz\u0105dzasz nowe wn\u0119trze? Jasna kuchnia to rozwi\u0105zanie, kt\u00f3re doda przestrzeni, \u015bwiat\u0142a i przytulno\u015bci Twojemu domowi. Od bia\u0142ych kuchni w stylu skandynawskim, przez eleganckie aran\u017cacje z drewnem, a\u017c po klasyczne be\u017cowe fronty \u2013 zobacz, dlaczego jasne meble kuchenne s\u0105 tak ch\u0119tnie wybierane i jak stworzy\u0107 kuchni\u0119 marze\u0144.<\/p>\n","protected":false},"author":1,"featured_media":63684,"comment_status":"closed","ping_status":"open","sticky":false,"template":"","format":"standard","meta":{"footnotes":""},"categories":[1],"tags":[],"class_list":["post-63278","post","type-post","status-publish","format-standard","has-post-thumbnail","hentry","category-bez-kategorii"],"yoast_head":"<!-- This site is optimized with the Yoast SEO Premium plugin v25.0 (Yoast SEO v25.0) - https:\/\/yoast.com\/wordpress\/plugins\/seo\/ -->\n<title>Jasna kuchnia - dlaczego warto wybra\u0107 w\u0142a\u015bnie tak\u0105 - MebleKuchenne.PL - SKLEP<\/title>\n<meta name=\"description\" content=\"Jasna kuchnia to synonim elegancji. Sprawd\u017a inspiracje: bia\u0142a kuchnia, jasne meble kuchenne z drewnem, kuchnie skandynawskie.\" \/>\n<meta name=\"robots\" content=\"index, follow, max-snippet:-1, max-image-preview:large, max-video-preview:-1\" \/>\n<link rel=\"canonical\" href=\"https:\/\/meblekuchenne.pl\/sklep\/jasna-kuchnia\/\" \/>\n<meta property=\"og:locale\" content=\"pl_PL\" \/>\n<meta property=\"og:type\" content=\"article\" \/>\n<meta property=\"og:title\" content=\"Jasna kuchnia - dlaczego warto wybra\u0107 w\u0142a\u015bnie tak\u0105\" \/>\n<meta property=\"og:description\" content=\"Jasna kuchnia to synonim elegancji. Sprawd\u017a inspiracje: bia\u0142a kuchnia, jasne meble kuchenne z drewnem, kuchnie skandynawskie.\" \/>\n<meta property=\"og:url\" content=\"https:\/\/meblekuchenne.pl\/sklep\/jasna-kuchnia\/\" \/>\n<meta property=\"og:site_name\" content=\"MebleKuchenne.PL - SKLEP\" \/>\n<meta property=\"article:published_time\" content=\"2025-09-11T08:36:06+00:00\" \/>\n<meta property=\"article:modified_time\" content=\"2025-09-25T13:02:42+00:00\" \/>\n<meta property=\"og:image\" content=\"https:\/\/meblekuchenne.pl\/sklep\/wp-content\/uploads\/2025\/09\/do-filmiku-Kamera3_w.webp\" \/>\n\t<meta property=\"og:image:width\" content=\"1920\" \/>\n\t<meta property=\"og:image:height\" content=\"1080\" \/>\n\t<meta property=\"og:image:type\" content=\"image\/webp\" \/>\n<meta name=\"author\" content=\"saem\" \/>\n<meta name=\"twitter:card\" content=\"summary_large_image\" \/>\n<meta name=\"twitter:label1\" content=\"Napisane przez\" \/>\n\t<meta name=\"twitter:data1\" content=\"saem\" \/>\n\t<meta name=\"twitter:label2\" content=\"Szacowany czas czytania\" \/>\n\t<meta name=\"twitter:data2\" content=\"12 minut\" \/>\n<script type=\"application\/ld+json\" class=\"yoast-schema-graph\">{\"@context\":\"https:\/\/schema.org\",\"@graph\":[{\"@type\":\"Article\",\"@id\":\"https:\/\/meblekuchenne.pl\/sklep\/jasna-kuchnia\/#article\",\"isPartOf\":{\"@id\":\"https:\/\/meblekuchenne.pl\/sklep\/jasna-kuchnia\/\"},\"author\":{\"name\":\"saem\",\"@id\":\"https:\/\/meblekuchenne.pl\/sklep\/#\/schema\/person\/4a5d58e5e09236373ac8819571afb2ad\"},\"headline\":\"Jasna kuchnia &#8211; dlaczego warto wybra\u0107 w\u0142a\u015bnie tak\u0105\",\"datePublished\":\"2025-09-11T08:36:06+00:00\",\"dateModified\":\"2025-09-25T13:02:42+00:00\",\"mainEntityOfPage\":{\"@id\":\"https:\/\/meblekuchenne.pl\/sklep\/jasna-kuchnia\/\"},\"wordCount\":2245,\"publisher\":{\"@id\":\"https:\/\/meblekuchenne.pl\/sklep\/#organization\"},\"image\":{\"@id\":\"https:\/\/meblekuchenne.pl\/sklep\/jasna-kuchnia\/#primaryimage\"},\"thumbnailUrl\":\"https:\/\/meblekuchenne.pl\/sklep\/wp-content\/uploads\/2025\/09\/do-filmiku-Kamera3_w.webp\",\"inLanguage\":\"pl-PL\"},{\"@type\":\"WebPage\",\"@id\":\"https:\/\/meblekuchenne.pl\/sklep\/jasna-kuchnia\/\",\"url\":\"https:\/\/meblekuchenne.pl\/sklep\/jasna-kuchnia\/\",\"name\":\"Jasna kuchnia - dlaczego warto wybra\u0107 w\u0142a\u015bnie tak\u0105 - MebleKuchenne.PL - SKLEP\",\"isPartOf\":{\"@id\":\"https:\/\/meblekuchenne.pl\/sklep\/#website\"},\"primaryImageOfPage\":{\"@id\":\"https:\/\/meblekuchenne.pl\/sklep\/jasna-kuchnia\/#primaryimage\"},\"image\":{\"@id\":\"https:\/\/meblekuchenne.pl\/sklep\/jasna-kuchnia\/#primaryimage\"},\"thumbnailUrl\":\"https:\/\/meblekuchenne.pl\/sklep\/wp-content\/uploads\/2025\/09\/do-filmiku-Kamera3_w.webp\",\"datePublished\":\"2025-09-11T08:36:06+00:00\",\"dateModified\":\"2025-09-25T13:02:42+00:00\",\"description\":\"Jasna kuchnia to synonim elegancji. Sprawd\u017a inspiracje: bia\u0142a kuchnia, jasne meble kuchenne z drewnem, kuchnie skandynawskie.\",\"breadcrumb\":{\"@id\":\"https:\/\/meblekuchenne.pl\/sklep\/jasna-kuchnia\/#breadcrumb\"},\"inLanguage\":\"pl-PL\",\"potentialAction\":[{\"@type\":\"ReadAction\",\"target\":[\"https:\/\/meblekuchenne.pl\/sklep\/jasna-kuchnia\/\"]}]},{\"@type\":\"ImageObject\",\"inLanguage\":\"pl-PL\",\"@id\":\"https:\/\/meblekuchenne.pl\/sklep\/jasna-kuchnia\/#primaryimage\",\"url\":\"https:\/\/meblekuchenne.pl\/sklep\/wp-content\/uploads\/2025\/09\/do-filmiku-Kamera3_w.webp\",\"contentUrl\":\"https:\/\/meblekuchenne.pl\/sklep\/wp-content\/uploads\/2025\/09\/do-filmiku-Kamera3_w.webp\",\"width\":1920,\"height\":1080,\"caption\":\"Jasna kuchnia - kuchnia w stylu nowoczesnym.\"},{\"@type\":\"BreadcrumbList\",\"@id\":\"https:\/\/meblekuchenne.pl\/sklep\/jasna-kuchnia\/#breadcrumb\",\"itemListElement\":[{\"@type\":\"ListItem\",\"position\":1,\"name\":\"Strona g\u0142\u00f3wna\",\"item\":\"https:\/\/meblekuchenne.pl\/sklep\/\"},{\"@type\":\"ListItem\",\"position\":2,\"name\":\"Jasna kuchnia &#8211; dlaczego warto wybra\u0107 w\u0142a\u015bnie tak\u0105\"}]},{\"@type\":\"WebSite\",\"@id\":\"https:\/\/meblekuchenne.pl\/sklep\/#website\",\"url\":\"https:\/\/meblekuchenne.pl\/sklep\/\",\"name\":\"MebleKuchenne.PL - SKLEP\",\"description\":\"\",\"publisher\":{\"@id\":\"https:\/\/meblekuchenne.pl\/sklep\/#organization\"},\"potentialAction\":[{\"@type\":\"SearchAction\",\"target\":{\"@type\":\"EntryPoint\",\"urlTemplate\":\"https:\/\/meblekuchenne.pl\/sklep\/?s={search_term_string}\"},\"query-input\":{\"@type\":\"PropertyValueSpecification\",\"valueRequired\":true,\"valueName\":\"search_term_string\"}}],\"inLanguage\":\"pl-PL\"},{\"@type\":\"Organization\",\"@id\":\"https:\/\/meblekuchenne.pl\/sklep\/#organization\",\"name\":\"MebleKuchenne.PL - SKLEP\",\"url\":\"https:\/\/meblekuchenne.pl\/sklep\/\",\"logo\":{\"@type\":\"ImageObject\",\"inLanguage\":\"pl-PL\",\"@id\":\"https:\/\/meblekuchenne.pl\/sklep\/#\/schema\/logo\/image\/\",\"url\":\"https:\/\/meblekuchenne.pl\/sklep\/wp-content\/uploads\/2025\/06\/cropped-cropped-logo.webp\",\"contentUrl\":\"https:\/\/meblekuchenne.pl\/sklep\/wp-content\/uploads\/2025\/06\/cropped-cropped-logo.webp\",\"width\":735,\"height\":715,\"caption\":\"MebleKuchenne.PL - SKLEP\"},\"image\":{\"@id\":\"https:\/\/meblekuchenne.pl\/sklep\/#\/schema\/logo\/image\/\"}},{\"@type\":\"Person\",\"@id\":\"https:\/\/meblekuchenne.pl\/sklep\/#\/schema\/person\/4a5d58e5e09236373ac8819571afb2ad\",\"name\":\"saem\",\"image\":{\"@type\":\"ImageObject\",\"inLanguage\":\"pl-PL\",\"@id\":\"https:\/\/meblekuchenne.pl\/sklep\/#\/schema\/person\/image\/\",\"url\":\"https:\/\/meblekuchenne.pl\/sklep\/wp-content\/uploads\/nsl_avatars\/c704e63740b3b0ef91ab810d43b8429d.png\",\"contentUrl\":\"https:\/\/meblekuchenne.pl\/sklep\/wp-content\/uploads\/nsl_avatars\/c704e63740b3b0ef91ab810d43b8429d.png\",\"caption\":\"saem\"},\"sameAs\":[\"http:\/\/meblek88.webd.pro\/meblekuchenne\"],\"url\":\"https:\/\/meblekuchenne.pl\/sklep\/author\/saem\/\"}]}<\/script>\n<!-- \/ Yoast SEO Premium plugin. -->","yoast_head_json":{"title":"Jasna kuchnia - dlaczego warto wybra\u0107 w\u0142a\u015bnie tak\u0105 - MebleKuchenne.PL - SKLEP","description":"Jasna kuchnia to synonim elegancji. Sprawd\u017a inspiracje: bia\u0142a kuchnia, jasne meble kuchenne z drewnem, kuchnie skandynawskie.","robots":{"index":"index","follow":"follow","max-snippet":"max-snippet:-1","max-image-preview":"max-image-preview:large","max-video-preview":"max-video-preview:-1"},"canonical":"https:\/\/meblekuchenne.pl\/sklep\/jasna-kuchnia\/","og_locale":"pl_PL","og_type":"article","og_title":"Jasna kuchnia - dlaczego warto wybra\u0107 w\u0142a\u015bnie tak\u0105","og_description":"Jasna kuchnia to synonim elegancji. Sprawd\u017a inspiracje: bia\u0142a kuchnia, jasne meble kuchenne z drewnem, kuchnie skandynawskie.","og_url":"https:\/\/meblekuchenne.pl\/sklep\/jasna-kuchnia\/","og_site_name":"MebleKuchenne.PL - SKLEP","article_published_time":"2025-09-11T08:36:06+00:00","article_modified_time":"2025-09-25T13:02:42+00:00","og_image":[{"width":1920,"height":1080,"url":"https:\/\/meblekuchenne.pl\/sklep\/wp-content\/uploads\/2025\/09\/do-filmiku-Kamera3_w.webp","type":"image\/webp"}],"author":"saem","twitter_card":"summary_large_image","twitter_misc":{"Napisane przez":"saem","Szacowany czas czytania":"12 minut"},"schema":{"@context":"https:\/\/schema.org","@graph":[{"@type":"Article","@id":"https:\/\/meblekuchenne.pl\/sklep\/jasna-kuchnia\/#article","isPartOf":{"@id":"https:\/\/meblekuchenne.pl\/sklep\/jasna-kuchnia\/"},"author":{"name":"saem","@id":"https:\/\/meblekuchenne.pl\/sklep\/#\/schema\/person\/4a5d58e5e09236373ac8819571afb2ad"},"headline":"Jasna kuchnia &#8211; dlaczego warto wybra\u0107 w\u0142a\u015bnie tak\u0105","datePublished":"2025-09-11T08:36:06+00:00","dateModified":"2025-09-25T13:02:42+00:00","mainEntityOfPage":{"@id":"https:\/\/meblekuchenne.pl\/sklep\/jasna-kuchnia\/"},"wordCount":2245,"publisher":{"@id":"https:\/\/meblekuchenne.pl\/sklep\/#organization"},"image":{"@id":"https:\/\/meblekuchenne.pl\/sklep\/jasna-kuchnia\/#primaryimage"},"thumbnailUrl":"https:\/\/meblekuchenne.pl\/sklep\/wp-content\/uploads\/2025\/09\/do-filmiku-Kamera3_w.webp","inLanguage":"pl-PL"},{"@type":"WebPage","@id":"https:\/\/meblekuchenne.pl\/sklep\/jasna-kuchnia\/","url":"https:\/\/meblekuchenne.pl\/sklep\/jasna-kuchnia\/","name":"Jasna kuchnia - dlaczego warto wybra\u0107 w\u0142a\u015bnie tak\u0105 - MebleKuchenne.PL - SKLEP","isPartOf":{"@id":"https:\/\/meblekuchenne.pl\/sklep\/#website"},"primaryImageOfPage":{"@id":"https:\/\/meblekuchenne.pl\/sklep\/jasna-kuchnia\/#primaryimage"},"image":{"@id":"https:\/\/meblekuchenne.pl\/sklep\/jasna-kuchnia\/#primaryimage"},"thumbnailUrl":"https:\/\/meblekuchenne.pl\/sklep\/wp-content\/uploads\/2025\/09\/do-filmiku-Kamera3_w.webp","datePublished":"2025-09-11T08:36:06+00:00","dateModified":"2025-09-25T13:02:42+00:00","description":"Jasna kuchnia to synonim elegancji. Sprawd\u017a inspiracje: bia\u0142a kuchnia, jasne meble kuchenne z drewnem, kuchnie skandynawskie.","breadcrumb":{"@id":"https:\/\/meblekuchenne.pl\/sklep\/jasna-kuchnia\/#breadcrumb"},"inLanguage":"pl-PL","potentialAction":[{"@type":"ReadAction","target":["https:\/\/meblekuchenne.pl\/sklep\/jasna-kuchnia\/"]}]},{"@type":"ImageObject","inLanguage":"pl-PL","@id":"https:\/\/meblekuchenne.pl\/sklep\/jasna-kuchnia\/#primaryimage","url":"https:\/\/meblekuchenne.pl\/sklep\/wp-content\/uploads\/2025\/09\/do-filmiku-Kamera3_w.webp","contentUrl":"https:\/\/meblekuchenne.pl\/sklep\/wp-content\/uploads\/2025\/09\/do-filmiku-Kamera3_w.webp","width":1920,"height":1080,"caption":"Jasna kuchnia - kuchnia w stylu nowoczesnym."},{"@type":"BreadcrumbList","@id":"https:\/\/meblekuchenne.pl\/sklep\/jasna-kuchnia\/#breadcrumb","itemListElement":[{"@type":"ListItem","position":1,"name":"Strona g\u0142\u00f3wna","item":"https:\/\/meblekuchenne.pl\/sklep\/"},{"@type":"ListItem","position":2,"name":"Jasna kuchnia &#8211; dlaczego warto wybra\u0107 w\u0142a\u015bnie tak\u0105"}]},{"@type":"WebSite","@id":"https:\/\/meblekuchenne.pl\/sklep\/#website","url":"https:\/\/meblekuchenne.pl\/sklep\/","name":"MebleKuchenne.PL - SKLEP","description":"","publisher":{"@id":"https:\/\/meblekuchenne.pl\/sklep\/#organization"},"potentialAction":[{"@type":"SearchAction","target":{"@type":"EntryPoint","urlTemplate":"https:\/\/meblekuchenne.pl\/sklep\/?s={search_term_string}"},"query-input":{"@type":"PropertyValueSpecification","valueRequired":true,"valueName":"search_term_string"}}],"inLanguage":"pl-PL"},{"@type":"Organization","@id":"https:\/\/meblekuchenne.pl\/sklep\/#organization","name":"MebleKuchenne.PL - SKLEP","url":"https:\/\/meblekuchenne.pl\/sklep\/","logo":{"@type":"ImageObject","inLanguage":"pl-PL","@id":"https:\/\/meblekuchenne.pl\/sklep\/#\/schema\/logo\/image\/","url":"https:\/\/meblekuchenne.pl\/sklep\/wp-content\/uploads\/2025\/06\/cropped-cropped-logo.webp","contentUrl":"https:\/\/meblekuchenne.pl\/sklep\/wp-content\/uploads\/2025\/06\/cropped-cropped-logo.webp","width":735,"height":715,"caption":"MebleKuchenne.PL - SKLEP"},"image":{"@id":"https:\/\/meblekuchenne.pl\/sklep\/#\/schema\/logo\/image\/"}},{"@type":"Person","@id":"https:\/\/meblekuchenne.pl\/sklep\/#\/schema\/person\/4a5d58e5e09236373ac8819571afb2ad","name":"saem","image":{"@type":"ImageObject","inLanguage":"pl-PL","@id":"https:\/\/meblekuchenne.pl\/sklep\/#\/schema\/person\/image\/","url":"https:\/\/meblekuchenne.pl\/sklep\/wp-content\/uploads\/nsl_avatars\/c704e63740b3b0ef91ab810d43b8429d.png","contentUrl":"https:\/\/meblekuchenne.pl\/sklep\/wp-content\/uploads\/nsl_avatars\/c704e63740b3b0ef91ab810d43b8429d.png","caption":"saem"},"sameAs":["http:\/\/meblek88.webd.pro\/meblekuchenne"],"url":"https:\/\/meblekuchenne.pl\/sklep\/author\/saem\/"}]}},"_links":{"self":[{"href":"https:\/\/meblekuchenne.pl\/sklep\/wp-json\/wp\/v2\/posts\/63278","targetHints":{"allow":["GET"]}}],"collection":[{"href":"https:\/\/meblekuchenne.pl\/sklep\/wp-json\/wp\/v2\/posts"}],"about":[{"href":"https:\/\/meblekuchenne.pl\/sklep\/wp-json\/wp\/v2\/types\/post"}],"author":[{"embeddable":true,"href":"https:\/\/meblekuchenne.pl\/sklep\/wp-json\/wp\/v2\/users\/1"}],"replies":[{"embeddable":true,"href":"https:\/\/meblekuchenne.pl\/sklep\/wp-json\/wp\/v2\/comments?post=63278"}],"version-history":[{"count":0,"href":"https:\/\/meblekuchenne.pl\/sklep\/wp-json\/wp\/v2\/posts\/63278\/revisions"}],"wp:featuredmedia":[{"embeddable":true,"href":"https:\/\/meblekuchenne.pl\/sklep\/wp-json\/wp\/v2\/media\/63684"}],"wp:attachment":[{"href":"https:\/\/meblekuchenne.pl\/sklep\/wp-json\/wp\/v2\/media?parent=63278"}],"wp:term":[{"taxonomy":"category","embeddable":true,"href":"https:\/\/meblekuchenne.pl\/sklep\/wp-json\/wp\/v2\/categories?post=63278"},{"taxonomy":"post_tag","embeddable":true,"href":"https:\/\/meblekuchenne.pl\/sklep\/wp-json\/wp\/v2\/tags?post=63278"}],"curies":[{"name":"wp","href":"https:\/\/api.w.org\/{rel}","templated":true}]}}