{"id":59837,"date":"2025-05-13T11:50:31","date_gmt":"2025-05-13T09:50:31","guid":{"rendered":"https:\/\/meblekuchenne.pl\/sklep\/?p=59837"},"modified":"2025-07-10T15:54:36","modified_gmt":"2025-07-10T13:54:36","slug":"fronty-kuchenne","status":"publish","type":"post","link":"https:\/\/meblekuchenne.pl\/sklep\/fronty-kuchenne\/","title":{"rendered":"Fronty kuchenne &#8211; rodzaje, materia\u0142y i jak wybra\u0107 ten idealny"},"content":{"rendered":"\t\t<div data-elementor-type=\"wp-post\" data-elementor-id=\"59837\" class=\"elementor elementor-59837\" data-elementor-post-type=\"post\">\n\t\t\t\t<div class=\"elementor-element elementor-element-7f2a1f6c e-flex e-con-boxed e-con e-parent\" data-id=\"7f2a1f6c\" data-element_type=\"container\">\n\t\t\t\t\t<div class=\"e-con-inner\">\n\t\t\t\t<div class=\"elementor-element elementor-element-338e0759 elementor-widget elementor-widget-text-editor\" data-id=\"338e0759\" data-element_type=\"widget\" data-widget_type=\"text-editor.default\">\n\t\t\t\t<div class=\"elementor-widget-container\">\n\t\t\t\t\t\t\t\t\t<p><\/p>\n<p>Wyb\u00f3r <a href=\"https:\/\/meblekuchenne.pl\/\">mebli kuchennych<\/a> cz\u0119sto przyprawia nas o zawr\u00f3t g\u0142owy. Dost\u0119pno\u015b\u0107 na rynku jest tak du\u017ca, \u017ce podj\u0119cie decyzji bywa bardzo trudne. Mo\u017ce gdyby wyb\u00f3r ogranicza\u0142 si\u0119 jedynie do kolorystyki, a pierwsze skrzypce gra\u0142aby estetyka to decyzja by\u0142aby \u0142atwiejsza. Niestety nie tylko o estetyk\u0119 nam chodzi.<\/p>\n<p><\/p>\n<p>No dobrze, ale we\u017amy na pocz\u0105tek sam\u0105 estetyk\u0119. Przyjrzyjmy si\u0119 jej i zobaczmy dok\u0105d nas to zaprowadzi.<\/p>\n<p><\/p>\n<figure class=\"wp-block-image aligncenter size-large is-resized has-custom-border\"><a href=\"https:\/\/meblekuchenne.pl\/sklep\/wp-content\/uploads\/2025\/05\/porady-kuchenne-zdj.1_w.webp\"><img fetchpriority=\"high\" decoding=\"async\" width=\"683\" height=\"1024\" class=\"wp-image-61034\" style=\"border-style: none; border-width: 0px; border-radius: 14px; box-shadow: var(--wp--preset--shadow--natural); width: 614px; height: auto;\" src=\"https:\/\/meblekuchenne.pl\/sklep\/wp-content\/uploads\/2025\/05\/porady-kuchenne-zdj.1_w-683x1024.webp\" alt=\"\" srcset=\"https:\/\/meblekuchenne.pl\/sklep\/wp-content\/uploads\/2025\/05\/porady-kuchenne-zdj.1_w-683x1024.webp 683w, https:\/\/meblekuchenne.pl\/sklep\/wp-content\/uploads\/2025\/05\/porady-kuchenne-zdj.1_w-200x300.webp 200w, https:\/\/meblekuchenne.pl\/sklep\/wp-content\/uploads\/2025\/05\/porady-kuchenne-zdj.1_w-768x1152.webp 768w, https:\/\/meblekuchenne.pl\/sklep\/wp-content\/uploads\/2025\/05\/porady-kuchenne-zdj.1_w-600x900.webp 600w, https:\/\/meblekuchenne.pl\/sklep\/wp-content\/uploads\/2025\/05\/porady-kuchenne-zdj.1_w.webp 1024w\" sizes=\"(max-width: 683px) 100vw, 683px\" \/><\/a><\/figure>\n<p><\/p>\n<h2 id=\"h-od-czego-zalezy-estetyka-kuchni-czy-na-pewno-chodzi-o-kolory-frontow-kuchennych\" class=\"wp-block-heading\">Od czego zale\u017cy estetyka kuchni? Czy na pewno chodzi o kolory front\u00f3w kuchennych?<\/h2>\n<p><\/p>\n<p>Pierwsze co si\u0119 nasuwa to nasze bardzo indywidualne upodobania. Co nam w duszy gra, jakie kolory z nami rezonuj\u0105, w jakim otoczeniu czujemy si\u0119 dobrze. Dobrze czyli jak? Ano tak, \u017ce mamy poczucie bycia w ko\u0144cu u siebie. Na swoich warunkach. W poczuciu, \u017ce otaczamy si\u0119 tym co pi\u0119kne dla nas, a nie dla mamy, cioci, s\u0105siad\u00f3w. Wyobra\u017amy sobie, \u017ce zosta\u0142o stworzone miejsce, kt\u00f3re jest naszym azylem. Takie w kt\u00f3rym my i nasi bliscy czujemy si\u0119 najlepiej. Tak zwyczajnie u siebie. Mamy przestrze\u0144, gdzie \u0142apiemy oddech, \u0142adujemy baterie i codziennie nabieramy nowych ch\u0119ci do \u017cycia. Dobrze brzmi, prawda?<\/p>\n<p><\/p>\n<p><\/p>\n<p>Zobacz, to w Twoich r\u0119kach i sercu jest decyzja o kolorze. Nikt nie zdecyduje lepiej ni\u017c Ty, bo nikt nie jest Tob\u0105. Mo\u017cesz wybra\u0107 meble kuchenne w kolorze kaszmiru, sza\u0142wii moreli. Kolory, kt\u00f3re uspokajaj\u0105 i tonuj\u0105. A mo\u017ce chcesz kolor, kt\u00f3ry pobudza i roz\u015bwietla wn\u0119trze? Co\u015b mocniejszego czy delikatnego? Mog\u0105 to by\u0107 te\u017c bia\u0142e fronty kuchenne. S\u0105 zawsze modne i \u0142atwe do aran\u017cacji wn\u0119trz. Widzisz ju\u017c? Wyb\u00f3r front\u00f3w kuchennych w zakresie kolorystyki nale\u017cy wy\u0142\u0105cznie do Ciebie. Nikt nie zrobi tego lepiej, bo nikt nie zna Ciebie jak Ty sam.<\/p>\n<p><\/p>\n<h2 id=\"h-zroznicowana-oferta-na-fronty-meblowe-czyli-odpowiedni-rodzaj-frontow\" class=\"wp-block-heading\">Zr\u00f3\u017cnicowana oferta na fronty meblowe czyli odpowiedni rodzaj front\u00f3w<\/h2>\n<p><\/p>\n<p>Witaj w g\u0105szczu poj\u0119\u0107, w kt\u00f3rym &#8220;odpowiednie fronty kuchenne&#8221; brzmi\u0105 jak&#8230; No w\u0142a\u015bnie&#8230; Jak? Wyb\u00f3r odpowiednich front\u00f3w mo\u017ce by\u0107 skomplikowany, wiemy to \ud83d\ude09 Postaram si\u0119 to troch\u0119 rozja\u015bni\u0107, \u017ceby nie by\u0142o ju\u017c d\u0142u\u017cej czarn\u0105 magi\u0105.<\/p>\n<p><\/p>\n<p>Meble kuchenne produkowane s\u0105 z kilku rodzaj\u00f3w materia\u0142\u00f3w. Jedne s\u0105 dro\u017csze, inne ta\u0144sze, jedne fronty s\u0105 grubsze inne cie\u0144sze, p\u0142yty maj\u0105 r\u00f3\u017cn\u0105 g\u0119sto\u015b\u0107 i wag\u0119&#8230; Co to w praktyce oznacza dla Ciebie? W gruncie rzeczy niewiele. Czy musisz si\u0119 na tym zna\u0107? No nie musisz. Nie ma potrzeby, \u017ceby\u015b przy wyborze front\u00f3w kuchennych przyswaja\u0142 ca\u0142y s\u0142ownik poj\u0119\u0107 stolarskich. Jestem pewna, \u017ce co\u015b innego jest Twoj\u0105 mocn\u0105 stron\u0105, \u017ce na czym\u015b innym znasz si\u0119 naprawd\u0119 dobrze. Czasy, kiedy powinni\u015bmy si\u0119 zna\u0107 na wszystkim na ca\u0142e szcz\u0119\u015bcie dawno posz\u0142y w niepami\u0119\u0107. Od udzielenia informacji jeste\u015bmy my. Ty wybierz odpowiednie fronty kuchenne dost\u0119pne w naszej ofercie, a my udzielimy wszystkich niezb\u0119dnych informacji.<\/p>\n<p><\/p>\n<p>To czego nie mamy to fronty melaminowane. Dostarczymy Ci za to solidne fronty meblowe laminowane z p\u0142yty w przer\u00f3\u017cnych dekorach &#8211; drewnopodobnych, kamiennych, betonowych. Interesuje Ci\u0119 styl klasyczny? A mo\u017ce styl minimalistyczny? P\u0142yta Egger, czy mo\u017ce poszukamy ta\u0144szego rozwi\u0105zania? Fronty meblowe dost\u0119pne u nas charakteryzuj\u0105 si\u0119 trwa\u0142o\u015bci\u0105, wysok\u0105 estetyk\u0105, doskona\u0142ym wygl\u0105dem. Zale\u017cy nam na tym, \u017ceby fronty szafek kuchennych, kt\u00f3re mamy w ofercie by\u0142y trwa\u0142e, niezawodne i cieszy\u0142y Twoje oczy tak d\u0142ugo jak zechcesz.<\/p>\n<p><\/p>\n<p>Na koniec jeszcze blaty kuchenne. Jakie one maj\u0105 by\u0107? W naszej ocenie trwa\u0142e, odporne na uszkodzenia mechaniczne i promieniowanie UV. Niestraszny ma im by\u0107 sok porzeczkowy, kawa, czarna herbata. <a href=\"https:\/\/meblekuchenne.pl\/sklep\/product\/blaty-kuchenne\/\" target=\"_blank\" rel=\"noreferrer noopener\">Blaty kuchenne<\/a> to wa\u017cny element dope\u0142niaj\u0105cy zabudow\u0119 kuchenn\u0105. Pi\u0119knie dope\u0142nia meble kuchenne wizualnie i nadaje niepowtarzalnego charakteru.<\/p>\n<p><\/p>\n<h2 id=\"h-fronty-kuchenne-charakterystyka-i-wymiary-frontow-kuchennych\" class=\"wp-block-heading\"><a href=\"https:\/\/meblekuchenne.pl\/sklep\/\" target=\"_blank\" rel=\"noreferrer noopener\">Fronty kuchenne<\/a> &#8211; charakterystyka i wymiary front\u00f3w kuchennych<\/h2>\n<p><\/p>\n<p>Przy produkcji front\u00f3w meblowych, w szczeg\u00f3lno\u015bci mebli kuchennych modu\u0142owych stosowana jest standaryzacja. Co mam na my\u015bli? G\u0142\u00f3wnie to, \u017ce drzwi szafek szafek dolnych maj\u0105 71 lub 72 cm wysoko\u015bci. W szafkach wisz\u0105cych fronty meblowe dost\u0119pne s\u0105 r\u00f3wnie\u017c w &#8220;typowych&#8221; wysoko\u015bciach, ale jest ich kilka do wyboru.<\/p>\n<p><\/p>\n<h2 id=\"h-fronty-meblowe-na-wymiar-online\" class=\"wp-block-heading\">Fronty meblowe na wymiar online<\/h2>\n<p><\/p>\n<p>W ofercie, opr\u00f3cz mebli kuchennych modu\u0142owych posiadamy r\u00f3wnie\u017c kuchnie na wymiar. Dzia\u0142 kuchni premium jak sama nazwa wskazuje wykonuje fronty meblowe na wymiar. Nie ma ogranicze\u0144. Mo\u017cliwe jest wykonanie ka\u017cdego rodzaju mebli kuchennych pod warunkiem, \u017ce fronty kuchenne montuje do\u015bwiadczony Monta\u017cysta.<\/p>\n<p><\/p>\n<h3 id=\"h-rola-frontow-w-estetyce-i-funkcjonalnosci-kuchni\" class=\"wp-block-heading\">Rola front\u00f3w w estetyce i funkcjonalno\u015bci kuchni<\/h3>\n<p><\/p>\n<p>Je\u015bli mowa o roli front\u00f3w w aspekcie funkcjonalno\u015bci i estetyki to rodzi si\u0119 pytanie jakiego rodzaju mog\u0105 by\u0107 drzwi szafek wykonywane podczas produkcji front\u00f3w meblowych. Czy b\u0119d\u0105 to <a href=\"https:\/\/meblekuchenne.pl\/meble-kammono-l4\/\" target=\"_blank\" rel=\"noreferrer noopener\">meble kuchenne na wysoki po\u0142ysk <\/a>czy mo\u017ce fronty matowe. Fronty g\u0142adkie, bez ozdobnik\u00f3w, z frezowanym uchwytem. Meble kuchenne na wysoki po\u0142ysk wbrew powszechnej opinii s\u0105 \u0142atwe w utrzymaniu czysto\u015bci. R\u00f3wnie wa\u017cne s\u0105 elementy wyko\u0144czenia mebli &#8211; czy b\u0119d\u0105 to uchwyty kraw\u0119dziowe, uchwyty klasyczne czy zupe\u0142nie g\u0142adki front.<\/p>\n<p><\/p>\n<h2 id=\"h-rodzaje-frontow-kuchennych-do-szafek-wedlug-wykonczenia\" class=\"wp-block-heading\">Rodzaje front\u00f3w kuchennych do szafek wed\u0142ug wyko\u0144czenia<\/h2>\n<p><\/p>\n<p>Mo\u017cemy je rozpatrywa\u0107 z kilku poziom\u00f3w. Pierwszym krokiem mo\u017ce by\u0107 ustalenie czy fronty szafek kuchennych chcemy matowe, w po\u0142ysku czy mo\u017ce w satynie. Drugim krokiem b\u0119dzie ustalenie czy b\u0119d\u0105 to <a href=\"https:\/\/meblekuchenne.pl\/meble-kammono-f8\/\" target=\"_blank\" rel=\"noreferrer noopener\">fronty foliowane<\/a>, fronty mdf, lakierowane fronty mdf, frezowane lakierowane fronty, fronty akrylowe czy fronty lakierowane g\u0142adkie. Lakierowane fronty daj\u0105 najwi\u0119ksz\u0105 mo\u017cliwo\u015b\u0107 je\u015bli chodzi o kolory front\u00f3w kuchennych. Wi\u0119c je\u015bli marzysz o jakiej\u015b szalonej barwie to znajdziesz go we wzorniku RAL, NCS czy ICA. A je\u015bli Twoim wyborem s\u0105 bia\u0142e fronty kuchenne to dost\u0119pne s\u0105 i w folii i w lakierze i w akrylu.<\/p>\n<p><\/p>\n<h2 id=\"h-jak-dopasowac-fronty-kuchenne-do-wnetrza\" class=\"wp-block-heading\">Jak dopasowa\u0107 fronty kuchenne do wn\u0119trza?<\/h2>\n<p><\/p>\n<p>Ach&#8230; temat rzeka. To chyba najprzyjemniejszy aspekt przy wyborze nowych mebli kuchennych. Kilka szybkich podpowiedzi.<\/p>\n<p><\/p>\n<p>Styl klasyczny czy styl tradycyjny w Twoim domu b\u0119dzie wo\u0142a\u0142 albo o fronty klasyczne, fronty frezowane albo paradoksalnie o nowoczesne fronty lakierowane. Du\u017co zale\u017cy od Twojej odwagi \ud83d\ude09<\/p>\n<p><\/p>\n<p>Styl minimalistyczny to zn\u00f3w r\u00f3\u017cnorodne fronty. Zastosowanie znajd\u0105 zar\u00f3wno akrylowe, lakierowane jak i <a href=\"https:\/\/meblekuchenne.pl\/meble-kam-kc2\/\" target=\"_blank\" rel=\"noreferrer noopener\">fronty kuchenne drewnopodobne<\/a>. Niezwykle istotne b\u0119d\u0105 dodatki, w bardzo prostym stylu i neutralnych barwach. Wa\u017cne, \u017ceby to by\u0142y solidne fronty meblowe. Takie na lata.<\/p>\n<p><\/p>\n<p>Elementy wyko\u0144czenia mebli s\u0105 r\u00f3wnie\u017c niezmiernie wa\u017cne. Podkre\u015bl\u0105 urok i charakter wn\u0119trza, prze\u0142ami\u0105 nud\u0119, wprowadz\u0105 spok\u00f3j albo nutk\u0119 szale\u0144stwa. Zaakcentuj\u0105 niepowtarzalny styl w\u0142a\u015bcicieli.<\/p>\n<p><\/p>\n<p>Na koniec &#8211; dopasuj fronty kuchenne tak, \u017ceby w swojej kuchni by\u0107 na swoich warunkach. Ma by\u0107 mi\u0142o i przyjemnie. A to w\u0142a\u015bnie fronty kuchenne w najwi\u0119kszym stopniu zdefiniuj\u0105 kuchni\u0119 i ca\u0142y dom. Tym bardziej je\u015bli to kuchnia otwarta na salon.<\/p>\n<p><\/p>\n<h2 id=\"h-rodzaje-frontow-kuchennych-wedlug-materialu\" class=\"wp-block-heading\">Rodzaje front\u00f3w kuchennych wed\u0142ug materia\u0142u<\/h2>\n<p><\/p>\n<p>Jak dopasowa\u0107 fronty kuchenne? Oto jest pytanie&#8230; Wiemy, \u017ce dla ka\u017cdego z Was czym innym b\u0119dzie &#8220;odpowiedni rodzaj front\u00f3w&#8221;. Wiemy, \u017ce mo\u017cna zgubi\u0107 si\u0119 w g\u0105szczu poj\u0119\u0107, artyku\u0142\u00f3w i porad, dlatego te\u017c spr\u00f3buj\u0119 powiedzie\u0107 o nich co\u015b wi\u0119cej.<\/p>\n<p><\/p>\n<h3 id=\"h-fronty-kuchenne-lakierowane-matowe-i-na-wysoki-polysk\" class=\"wp-block-heading\">Fronty kuchenne lakierowane: matowe i na wysoki po\u0142ysk<\/h3>\n<p><\/p>\n<p>S\u0105dz\u0119, \u017ce tego wyja\u015bnia\u0107 nie ma potrzeby. Wyb\u00f3r sprowadza si\u0119 zwyczajnie do tego czy naszym faworytem s\u0105 matowe fronty kuchenne czy jednak fronty lakierowane w po\u0142ysku.<\/p>\n<p><\/p>\n<h2 id=\"h-lakierowane-fronty-szafek-kuchennych-rodzaje\" class=\"wp-block-heading\">Lakierowane fronty szafek kuchennych &#8211; rodzaje<\/h2>\n<p><\/p>\n<h3 id=\"h-lakierowane-fronty-meblowe-podzial-ze-wzgledu-na-rodzaj-lakieru\" class=\"wp-block-heading\">Lakierowane fronty meblowe &#8211; podzia\u0142 ze wzgl\u0119du na rodzaj lakieru<\/h3>\n<p><\/p>\n<p>Wiemy jednak, \u017ce jest to Wasz najwi\u0119kszy dylemat. Po\u0142ysk czy mat, mat czy po\u0142ysk? Cz\u0119sto pytacie nas co wybra\u0107. Co b\u0119dzie si\u0119 lepiej czy\u015bci\u0107? Na kt\u00f3rym froncie palce s\u0105 mniej widoczne? A my niezmiennie odpowiadamy, \u017ce i jedne i drugie fronty trzeba czy\u015bci\u0107 \ud83d\ude09 I na jednych i na drugich wida\u0107 palce. R\u00f3\u017cnica jest tylko taka, \u017ce fronty matowe jak patrzymy na nie, to tak tych palc\u00f3w nie odbijaj\u0105. Fronty kuchenne na wysoki po\u0142ysk pokazuj\u0105 je nieco bardziej. Wi\u0119c nasza rada dla Was &#8211; cel g\u0142\u00f3wny to estetyka kuchni, bo sprz\u0105ta\u0107 i tak trzeba \ud83d\ude09<\/p>\n<p><\/p>\n<h2 id=\"h-eleganckie-fronty-kuchenne\" class=\"wp-block-heading\">Eleganckie fronty kuchenne<\/h2>\n<p><\/p>\n<h3 id=\"h-fronty-akrylowe-polysk-i-trwalosc\" class=\"wp-block-heading\">Fronty akrylowe: po\u0142ysk i trwa\u0142o\u015b\u0107<\/h3>\n<p><\/p>\n<p><strong>Pragniesz uzyska\u0107 efekt g\u0142\u0119bokiego po\u0142ysku lub eleganckiego matu to postaw na fronty akrylowe.<\/strong><br \/>Akryl zapewnia wyj\u0105tkowo estetyczne wyko\u0144czenie \u2013 wersja na wysoki po\u0142ysk daje efekt tafli szk\u0142a, natomiast fronty kuchenne matowe maj\u0105 g\u0142\u0119boki, aksamitny wygl\u0105d. Nie s\u0105 to tanie fronty kuchenne, dlatego najcz\u0119\u015bciej wybierane s\u0105 do wn\u0119trz premium. Lustrzany po\u0142ysk optycznie powi\u0119ksza przestrze\u0144, co sprawdza si\u0119 szczeg\u00f3lnie w ma\u0142ych kuchniach.<\/p>\n<p><\/p>\n<p>Akryl nie blaknie i nie \u017c\u00f3\u0142knie \u2013 dzi\u0119ki odporno\u015bci na promieniowanie UV fronty akrylowe zachowuj\u0105 swoje kolory przez d\u0142ugie lata. G\u0142adka, nieporowata powierzchnia akrylu nie wch\u0142ania zabrudze\u0144. Wystarczy przetrze\u0107 wilgotn\u0105 \u015bciereczk\u0105 z mikrofibry, bez potrzeby stosowania silnych detergent\u00f3w. W przypadku drobnych uszkodze\u0144 mo\u017cliwa jest regeneracja powierzchni za pomoc\u0105 specjalnych past polerskich.<\/p>\n<p><\/p>\n<h3 id=\"h-fronty-foliowane-ekonomiczne-i-estetyczne-rozwiazanie\" class=\"wp-block-heading\"><a href=\"https:\/\/meblekuchenne.pl\/sklep\/product\/front-do-zmywarki-4560-cm-fzmyw-kammono\/\" target=\"_blank\" rel=\"noreferrer noopener\">Fronty foliowane<\/a>: ekonomiczne i estetyczne rozwi\u0105zanie<\/h3>\n<p><\/p>\n<p><strong>Fronty foliowane<\/strong> to jedno z najpopularniejszych i najcz\u0119\u015bciej wybieranych rozwi\u0105za\u0144 w zabudowie kuchennej. \u0141\u0105cz\u0105 atrakcyjny wygl\u0105d, du\u017c\u0105 r\u00f3\u017cnorodno\u015b\u0107 wzor\u00f3w oraz korzystn\u0105 cen\u0119, co czyni je idealnym wyborem dla os\u00f3b szukaj\u0105cych dobrego kompromisu mi\u0119dzy estetyk\u0105 a bud\u017cetem.<\/p>\n<p><\/p>\n<p>Folia PVC pozwala na uzyskanie efekt\u00f3w nieosi\u0105galnych w innych technologiach \u2013 g\u0142\u0119bokie frezy, zaokr\u0105glenia, struktury drewna, beton czy wysoki po\u0142ysk. To fronty \u0142atwe w utrzymaniu czysto\u015bci &#8211; folia tworzy g\u0142adk\u0105, nieporowat\u0105 powierzchni\u0119, kt\u00f3ra nie ch\u0142onie zabrudze\u0144 i jest \u0142atwa do czyszczenia na co dzie\u0144. Dzi\u0119ki pe\u0142nemu pokryciu foli\u0105 PVC, fronty MDF s\u0105 dobrze zabezpieczone przed dzia\u0142aniem pary i wilgoci \u2013 idealne do kuchni i \u0142azienek. Kolekcja front\u00f3w foliowanych da Ci tak\u0105 r\u00f3\u017cnorodno\u015b\u0107 estetyczn\u0105 jak \u017caden inny front kuchenny.<\/p>\n<p><\/p>\n<h3 id=\"h-kolekcja-frontow-fronty-laminowane-fronty-meblowe-na-wymiar\" class=\"wp-block-heading\">Kolekcja front\u00f3w &#8211; <a href=\"https:\/\/meblekuchenne.pl\/meble-kam-os2\/\">fronty laminowane<\/a> &#8211; fronty meblowe na wymiar<\/h3>\n<p><\/p>\n<p><strong>Fronty laminowane stosowane przy produkcji mebli kuchennych<\/strong> to praktyczne, trwa\u0142e i estetyczne rozwi\u0105zanie. Znajduj\u0105 zastosowanie zar\u00f3wno w kuchniach gdzie dobrze wygl\u0105daj\u0105 fronty klasyczne, jak i w kuchniach nowoczesnych, minimalistycznych, loftowych.<\/p>\n<p><\/p>\n<p>Fronty laminowane to bardzo solidne fronty. Produkowane s\u0105 z p\u0142yty meblowej, najcz\u0119\u015bciej MDF lub wi\u00f3rowej. Charakteryzuj\u0105 si\u0119 odporno\u015bci\u0105 na codzienne u\u017cytkowanie i s\u0105 \u0142atwe w piel\u0119gnacji. Kupuj\u0105c fronty szafek w laminacie masz pewno\u015b\u0107, \u017ce otrzymasz produkt trwa\u0142y<\/p>\n<p><\/p>\n<p>Laminat to jeden z najbardziej wytrzyma\u0142ych materia\u0142\u00f3w wykorzystywanych w meblarstwie \u2013 idealny do intensywnie u\u017cytkowanych kuchni. Doskonale sprawdza si\u0119 tutaj p\u0142yta Egger, ale te\u017c inni producenci jak np. Kronospan. To ten rodzaj front\u00f3w meblowych kt\u00f3ry na pewno da satysfakcj\u0119 z wyboru.<\/p>\n<p><\/p>\n<p>Fronty dobrze znosz\u0105 par\u0119, wysok\u0105 temperatur\u0119 i wilgo\u0107. Dost\u0119pne s\u0105 w szerokiej gamie kolorystycznej: od jednolitych barw, przez dekory drewnopodobne, po nowoczesne powierzchnie imituj\u0105ce beton, kamie\u0144 czy metal. Mo\u017cliwo\u015b\u0107 wyboru wyko\u0144czenia \u2013 od g\u0142adkich po wyczuwalne w dotyku faktury drewna czy betonu.<\/p>\n<p><\/p>\n<p>Laminat jest nieporowaty i odporny na zabrudzenia \u2013 wystarczy przetrze\u0107 wilgotn\u0105 \u015bciereczk\u0105. Laminowane powierzchnie dobrze znosz\u0105 dzia\u0142anie promieni UV \u2013 kolory nie p\u0142owiej\u0105 i zachowuj\u0105 estetyk\u0119 przez d\u0142ugie lata. Fronty laminowane to doskona\u0142y kompromis mi\u0119dzy trwa\u0142o\u015bci\u0105 a kosztem \u2013 idealne do mieszka\u0144, dom\u00f3w i inwestycji deweloperskich. Sprawdz\u0105 si\u0119 zar\u00f3wno w kuchniach intensywnie u\u017cytkowanych, jak i w zabudowach biurowych, \u0142azienkowych i szafach. Polecane do projekt\u00f3w, gdzie liczy si\u0119 trwa\u0142o\u015b\u0107 i funkcjonalno\u015b\u0107.<\/p>\n<p><\/p>\n<h3 id=\"h-fronty-z-przeszkleniem-funkcjonalnosc-i-lekkosc-wizualna\" class=\"wp-block-heading\"><a href=\"https:\/\/meblekuchenne.pl\/sklep\/product\/szafka-wiszaca-wwar80-71-witryna-alu-kammono\/\" target=\"_blank\" rel=\"noreferrer noopener\">Fronty z przeszkleniem<\/a>: funkcjonalno\u015b\u0107 i lekko\u015b\u0107 wizualna<\/h3>\n<p><\/p>\n<p><strong>Fronty szafek kuchennych z przeszkleniem<\/strong> to doskona\u0142y spos\u00f3b na nadanie kuchni lekko\u015bci, przestronno\u015bci i elegancji. Przeszklenia \u0142\u0105cz\u0105 walory estetyczne z funkcjonalno\u015bci\u0105. A jak dopasowa\u0107 fronty kuchenne do pozosta\u0142ych szafek kuchennych? Wbrew pozorom to \u017caden k\u0142opot. Nie straszny im styl klasyczny czy nowoczesny. Lakierowane fronty mdf? Bardzo prosz\u0119, te r\u00f3wnie\u017c mog\u0105 by\u0107 przeszklone. Pi\u0119knie prezentuj\u0105 si\u0119 w kuchniach angielskich czy w kuchniach skandynawskich.<\/p>\n<p><\/p>\n<p>R\u00f3\u017cnorodno\u015b\u0107 dost\u0119pnych szyb i ram umo\u017cliwia dopasowanie ich do niemal ka\u017cdego stylu wn\u0119trza \u2013 od klasycznego po nowoczesny. Kolekcja front\u00f3w przeszklonych wizualnie odci\u0105\u017ca zabudow\u0119. Przeszklenia prze\u0142amuj\u0105 jednolit\u0105 lini\u0119 szafek, dzi\u0119ki czemu kuchnia wydaje si\u0119 l\u017cejsza i bardziej przestronna. \u015awietnie sprawdzaj\u0105 si\u0119 do wyeksponowania porcelany, szk\u0142a, dekoracyjnych naczy\u0144 czy o\u015bwietlenia wewn\u0119trznego.<\/p>\n<p><\/p>\n<p>Wyb\u00f3r gotowych front\u00f3w z przeszkleniem jest du\u017cy, dlatego te\u017c jestem przekonana, \u017ce znajdziesz co\u015b w swoim stylu.<\/p>\n<p><\/p>\n<h2 id=\"h-style-frontow-kuchennych-roznorodne-fronty-kuchenne\" class=\"wp-block-heading\">Style front\u00f3w kuchennych &#8211; r\u00f3\u017cnorodne fronty kuchenne<\/h2>\n<p><\/p>\n<h3 id=\"h-fronty-frezowane-a-fronty-klasyczne-styl-tradycyjny-czy-styl-nowoczesny\" class=\"wp-block-heading\">Fronty frezowane a fronty klasyczne &#8211; styl tradycyjny czy styl nowoczesny?<\/h3>\n<p><\/p>\n<p>Wbrew pozorom co\u015b je jednak r\u00f3\u017cni. Nie wszystkie fronty frezowane z automatu trafiaj\u0105 do grupy front\u00f3w klasycznych. Fronty meblowe dost\u0119pne na rynku s\u0105 r\u00f3\u017cnorakie. I tak na przyk\u0142ad kolekcja front\u00f3w kuchennych lakierowanych, potocznie zwana bezuchwytowymi to zdecydowanie kuchnia nowoczesna.<\/p>\n<p><\/p>\n<p>Styl tradycyjny to front kuchenny foliowany z pi\u0119kn\u0105 dekoracyjn\u0105 ramk\u0105. Tutaj niezmiernie wa\u017cna jest estetyka kuchni. Dopieszczenie dodatkami, tkaninami, fakturami. Pobaw si\u0119 tym \ud83d\ude42<\/p>\n<p><\/p>\n<p>W gruncie rzeczy&#8230; czy nazywanie stylu ma znaczenie? Zach\u0119cam Ci\u0119 do wybrania tego, kt\u00f3ry Ci si\u0119 po prostu podoba, bez wzgl\u0119du na to jak\u0105 ma nazw\u0119 \ud83d\ude09<\/p>\n<p><\/p>\n<h3 id=\"h-fronty-w-stylu-nowoczesnym-minimalizm-i-polysk\" class=\"wp-block-heading\">Fronty w stylu nowoczesnym: minimalizm i po\u0142ysk<\/h3>\n<p><\/p>\n<p>Fronty szafek kuchennych w nowoczesnym stylu s\u0105 g\u0142adkie. Najcz\u0119\u015bciej to lakierowane fronty mdf, fronty akrylowe, fronty w stylu japandi. Fronty matowe lub w po\u0142ysku. Tutaj bia\u0142e fronty kuchenne wybierane s\u0105 jednak najcz\u0119\u015bciej. A czego Ty potrzebujesz? Wyb\u00f3r odpowiednich front\u00f3w kuchennych mo\u017ce by\u0107 wyzwaniem, wiemy to. Daj zna\u0107, je\u015bli trzeba to doradzimy \ud83d\ude09<\/p>\n<p><\/p>\n<h2 id=\"h-fronty-kuchenne-na-wymiar-i-gotowe\" class=\"wp-block-heading\">Fronty kuchenne na wymiar i gotowe<\/h2>\n<p><\/p>\n<p>Wyb\u00f3r gotowych front\u00f3w jest du\u017cy nawet w meblach kuchennych modu\u0142owych. Kupuj\u0105c fronty szafek w meblach kuchennych na wymiar nie jeste\u015b ju\u017c w\u0142a\u015bciwie niczym ograniczony. Zrobimy je dla Ciebie na dowolny, wskazany wymiar w zgodzie z Twoimi aktualnymi potrzebami. Styl minimalistyczny, styl nowoczesny? Bardzo prosz\u0119. Nie ma nic wa\u017cniejszego ni\u017c solidne fronty meblowe. A my mamy tylko takie.<\/p>\n<p><\/p>\n<h3 id=\"h-fronty-gotowe-szybki-montaz-i-standardowe-rozwiazania\" class=\"wp-block-heading\">Fronty gotowe: szybki monta\u017c i standardowe rozwi\u0105zania<\/h3>\n<p><\/p>\n<p>Lubimy pracowa\u0107 na &#8220;gotowcach&#8221; bo Wy je bardzo lubicie. Gotowe fronty meblowe to najlepsze po\u0142\u0105czenie ceny, jako\u015bci i szybko\u015bci wykonania. Kupuj\u0105c fronty szafek tego typu masz te\u017c du\u017cy wyb\u00f3r je\u015bli chodzi o rodzaje front\u00f3w kuchennych i kolory front\u00f3w kuchennych. A my lubimy dawa\u0107 wolno\u015b\u0107 wyboru. niech ka\u017cdy b\u0119dzie bohaterem swojej kuchni.<\/p>\n<p><\/p>\n<h2 id=\"h-personalizacja-frontow-kuchennych\" class=\"wp-block-heading\">Personalizacja front\u00f3w kuchennych<\/h2>\n<p><\/p>\n<h3 id=\"h-rodzaj-frontow-meblowych-to-jedno-a-paleta-kolorow-ral-ncs-i-ica-to-drugie\" class=\"wp-block-heading\">Rodzaj front\u00f3w meblowych to jedno, a paleta kolor\u00f3w RAL, NCS i ICA to drugie<\/h3>\n<p><\/p>\n<p>W pierwszym decydujesz o tym z czego Twoja kuchnia ma by\u0107 wykonana, a w drugim jaki ma mie\u0107 kolor. I sama nie wiem czy to u\u0142atwienie czy utrudnienie \ud83d\ude09 bo wyb\u00f3r jest hmmmm &#8230; olbrzymi. To mo\u017ce nie\u015b\u0107 trudno\u015b\u0107 w podj\u0119ciu decyzji. Nie martw si\u0119, z do\u015bwiadczenia wiemy, \u017ce nie ma z\u0142ych wybor\u00f3w. A je\u015bli mimo to wci\u0105\u017c nie wiesz co zrobi\u0107 to wr\u00f3\u0107 do ta\u0144szych opcji \ud83d\ude09 Tanie fronty kuchenne to brak dylemat\u00f3w kolorystycznych \ud83d\ude09 Tylko czy to Ci\u0119 zadowoli?<\/p>\n<p><\/p>\n<h2 id=\"h-akcesoria-i-technologie-wspierajace-fronty\" class=\"wp-block-heading\">Akcesoria i technologie wspieraj\u0105ce fronty<\/h2>\n<p><\/p>\n<h3 id=\"h-zawiasy-i-uchwyty-do-frontow-kuchennych-system-cichego-domykania\" class=\"wp-block-heading\">Zawiasy i uchwyty do front\u00f3w kuchennych &#8211; system cichego domykania<\/h3>\n<p><\/p>\n<p>do tego momentu analizowali\u015bmy jaki jest ten odpowiedni rodzaj front\u00f3w i jaki mamy wyb\u00f3r gotowych front\u00f3w. My\u015bl\u0119 wi\u0119c, \u017ce pora przyjrze\u0107 si\u0119 temu co ukryte, tym z pozoru ma\u0142ym detalom, kt\u00f3re maj\u0105 wielkie znaczenie. Cho\u0107 cz\u0119sto niedostrzegane na pierwszy rzut oka, <strong>zawiasy i uchwyty<\/strong> odgrywaj\u0105 kluczow\u0105 rol\u0119 w codziennym u\u017cytkowaniu mebli kuchennych. To w\u0142a\u015bnie one decyduj\u0105 o wygodzie otwierania szafek kuchennych, p\u0142ynno\u015bci ruchu front\u00f3w oraz estetyce ca\u0142ej zabudowy.<\/p>\n<p><\/p>\n<p>Bardzo rzadko nas o to pytacie, a dobrze dobrane zawiasy to gwarancja:<\/p>\n<p><\/p>\n<ul class=\"wp-block-list\">\n<li style=\"list-style-type: none;\">\n<ul class=\"wp-block-list\"><\/ul>\n<\/li>\n<\/ul>\n<p>\u00a0<\/p>\n<ul class=\"wp-block-list\">\n<li style=\"list-style-type: none;\">\n<ul class=\"wp-block-list\">\n<li><strong>p\u0142ynnego i cichego domykania<\/strong> front\u00f3w (dzi\u0119ki mechanizmom z cichym domykiem),<\/li>\n<\/ul>\n<\/li>\n<\/ul>\n<p><\/p>\n<ul class=\"wp-block-list\">\n<li style=\"list-style-type: none;\">\n<ul class=\"wp-block-list\">\n<li><strong>wytrzyma\u0142o\u015bci<\/strong> \u2013 nawet przy intensywnym u\u017cytkowaniu drzwiczki szafek kuchennych b\u0119d\u0105 dzia\u0142a\u0107<\/li>\n<\/ul>\n<\/li>\n<\/ul>\n<p><\/p>\n<ul class=\"wp-block-list\">\n<li style=\"list-style-type: none;\">\n<ul class=\"wp-block-list\">\n<li><a href=\"https:\/\/meblekuchenne.pl\/sklep\/product\/szafka-dolna-bdst-3-szer-40-90-cm-3-szuflady-blum-gleboka-kammono\/\" target=\"_blank\" rel=\"noreferrer noopener\"><strong>pe\u0142nego zakresu otwierania<\/strong><\/a>, co u\u0142atwia dost\u0119p do wn\u0119trza szafek i szuflad<\/li>\n<\/ul>\n<\/li>\n<\/ul>\n<p><\/p>\n<ul class=\"wp-block-list\">\n<li style=\"list-style-type: none;\">\n<ul class=\"wp-block-list\">\n<li><strong>\u0142atwej regulacji<\/strong> \u2013 w trzech p\u0142aszczyznach, co pozwala na idealne dopasowanie front\u00f3w szafek wisz\u0105cych<\/li>\n<\/ul>\n<\/li>\n<\/ul>\n<p><\/p>\n<p><\/p>\n<p>W ofercie znajdziesz zawiasy renomowanych producent\u00f3w, kt\u00f3re sprawdz\u0105 si\u0119 zar\u00f3wno w nowoczesnych, jak i klasycznych aran\u017cacjach.<\/p>\n<p><\/p>\n<h2 id=\"h-gdzie-kupic-fronty-kuchenne\" class=\"wp-block-heading\">Gdzie kupi\u0107 fronty kuchenne<\/h2>\n<p><\/p>\n<p>Oczywi\u015bcie, \u017ce <a href=\"https:\/\/meblekuchenne.pl\/sklep\/\" target=\"_blank\" rel=\"noreferrer noopener\">w naszym sklepie<\/a>. Mamy bia\u0142e fronty kuchenne, lakierowane fronty szafek, fronty akrylowe, fronty w dekorach drewnopodobnych. Fronty kuchenne na wymiar, tanie fronty kuchenne. Jednym s\u0142owem r\u00f3\u017cnorodne fronty kuchenne. Jest w czym wybiera\u0107. A je\u015bli czego\u015b jeszcze nie mamy to nam powiedz, a znajdziemy rozwi\u0105zanie \ud83d\ude09<\/p>\n<p><\/p>\n<h3 id=\"h-u-nas-zrobisz-zakupy-online-dostaniesz-rowniez-projekt-kuchni\" class=\"wp-block-heading\">U nas zrobisz zakupy online, dostaniesz r\u00f3wnie\u017c <a href=\"https:\/\/meblekuchenne.pl\/projekt-kuchni\/\" target=\"_blank\" rel=\"noreferrer noopener\">projekt kuchni<\/a>.<\/h3>\n<p><\/p>\n<p>Nie wiesz co wybra\u0107, na co si\u0119 zdecydowa\u0107? Skorzystaj z<a href=\"https:\/\/meblekuchenne.pl\/projekt-mebli-kuchennych\/\" target=\"_blank\" rel=\"noreferrer noopener\"> konsultacji projektowej<\/a>. Mamy olbrzymi\u0105 wiedz\u0119 w zakresie dekorowania i aran\u017cacji wn\u0119trz jak i wiedz\u0119 techniczn\u0105.<\/p>\n<p><\/p>\n<h2 id=\"h-pielegnacja-frontow-kuchennych-jak-czyscic-fronty-w-zaleznosci-od-materialu-i-wykonczenia\" class=\"wp-block-heading\">Piel\u0119gnacja front\u00f3w kuchennych &#8211; jak czy\u015bci\u0107 fronty w zale\u017cno\u015bci od materia\u0142u i wyko\u0144czenia:<\/h2>\n<p><\/p>\n<p>Fronty mebli kuchennych nara\u017cone s\u0105 na intensywne u\u017cytkowanie, wilgo\u0107, t\u0142uszcz i zmiany temperatury. Odpowiednia piel\u0119gnacja w zale\u017cno\u015bci od materia\u0142u i wyko\u0144czenia pozwoli zachowa\u0107 ich estetyk\u0119 i trwa\u0142o\u015b\u0107 przez lata.<\/p>\n<p><\/p>\n<p><strong>Lakierowane fronty mdf<\/strong> wymagaj\u0105 mi\u0119kkiej \u015bciereczki z mikrofibry i \u0142agodnego \u015brodka do mycia naczy\u0144. Unikaj mleczek, proszk\u00f3w i agresywnych detergent\u00f3w. Fronty kuchenne lakierowane na po\u0142ysk wymaj\u0105 delikatno\u015bci, poniewa\u017c \u0142atwo o zarysowania. Zastosuj <a href=\"https:\/\/meblekuchenne.pl\/sklep\/product\/srodek-do-czyszczenia-frontow-powierzchni-wysokopolyskowych-200ml\/\" target=\"_blank\" rel=\"noreferrer noopener\">specjalny p\u0142yn do piel\u0119gnacji.<\/a> Czy\u015b\u0107 je ruchem prostym (nie kolistym) i zawsze such\u0105 szmatk\u0105 na koniec. Fronty lakierowane matowe s\u0105 mniej podatny na odciski palc\u00f3w, ale r\u00f3wnie\u017c wymaga delikatnego traktowania. Unikaj zostawiania na nich t\u0142ustych plam, u\u017cywaj specjalistycznych \u015brodk\u00f3w do czyszczenia powierzchni matowych.<\/p>\n<p><\/p>\n<p><strong>Fronty foliowane \/ PVC &#8211; <\/strong>myj ciep\u0142\u0105 wod\u0105 z dodatkiem p\u0142ynu do naczy\u0144. Mi\u0119kka g\u0105bka wystarczy. Nie dopuszczaj do kontaktu z wysok\u0105 temperatur\u0105 (np. bezpo\u015brednio z piekarnika), bo folia mo\u017ce si\u0119 odklei\u0107.<\/p>\n<p><\/p>\n<p><strong>Fronty akrylowe <\/strong>(wysoki po\u0142ysk \/ super mat).Do front\u00f3w akrylowych w po\u0142ysku zalecamy stosowanie specjalnych p\u0142yn\u00f3w do akrylu, kt\u00f3re nie zostawiaj\u0105 smug. <strong>Super jest <\/strong>odporny na odciski palc\u00f3w, ale nale\u017cy czy\u015bci\u0107 go mi\u0119kk\u0105 \u015bciereczk\u0105 bez szorowania. Wa\u017cne! <strong>Nie u\u017cywaj alkoholu ani rozpuszczalnik\u00f3w.<\/strong><\/p>\n<p><\/p>\n<p><strong>Fronty laminowane s\u0105<\/strong> bardzo odporne na zabrudzenia \u2013 wystarczy woda z p\u0142ynem. Mo\u017cna te\u017c u\u017cywa\u0107 gotowych \u015brodk\u00f3w do powierzchni laminowanych. Czego nale\u017cy unika\u0107? Zbyt szorstkich g\u0105bek i \u015brodk\u00f3w na bazie acetonu \u2013 mog\u0105 uszkodzi\u0107 powierzchni\u0119.<\/p>\n<p><\/p>\n<p><strong>Fronty szklane &#8211; <\/strong>\u015brodkido mycia szyb + mi\u0119kka \u015bciereczka z mikrofibry. Szybko schn\u0105, nie zostawiaj\u0105 smug. Zwr\u00f3\u0107 tylko uwag\u0119 na ramk\u0119 \u2013 niekt\u00f3re maj\u0105 drewnopodobne lub aluminiowe wyko\u0144czenie, kt\u00f3re trzeba czy\u015bci\u0107 osobno.<\/p>\n<p><\/p>\n<p>Na koniec jeszcze kilka uniwersalnych zasad:<\/p>\n<p><\/p>\n<ul class=\"wp-block-list\">\n<li style=\"list-style-type: none;\">\n<ul class=\"wp-block-list\"><\/ul>\n<\/li>\n<\/ul>\n<p>\u00a0<\/p>\n<ul class=\"wp-block-list\">\n<li style=\"list-style-type: none;\">\n<ul class=\"wp-block-list\">\n<li>Zawsze testuj nowy \u015brodek czyszcz\u0105cy na ma\u0142ym, niewidocznym fragmencie.<\/li>\n<\/ul>\n<\/li>\n<\/ul>\n<p><\/p>\n<ul class=\"wp-block-list\">\n<li style=\"list-style-type: none;\">\n<ul class=\"wp-block-list\">\n<li>Unikaj nadmiaru wody \u2013 zw\u0142aszcza w okolicach kraw\u0119dzi front\u00f3w.<\/li>\n<\/ul>\n<\/li>\n<\/ul>\n<p><\/p>\n<ul class=\"wp-block-list\">\n<li style=\"list-style-type: none;\">\n<ul class=\"wp-block-list\">\n<li>Czy\u015b\u0107 regularnie \u2013 zaschni\u0119ty t\u0142uszcz trudniej usun\u0105\u0107 i mo\u017ce uszkodzi\u0107 powierzchni\u0119.<\/li>\n<\/ul>\n<\/li>\n<\/ul>\n<p><\/p>\n<ul class=\"wp-block-list\">\n<li style=\"list-style-type: none;\">\n<ul class=\"wp-block-list\">\n<li>Stosuj okapy i wentylacj\u0119 \u2013 para wodna i t\u0142uszcz osadzaj\u0105 si\u0119 na frontach<\/li>\n<\/ul>\n<\/li>\n<\/ul>\n<p><\/p>\n<p><\/p>\n<h3 id=\"h-co-przyda-sie-podczas-montazu-frontow\" class=\"wp-block-heading\">Co przyda si\u0119 podczas monta\u017cu front\u00f3w?<\/h3>\n<p><\/p>\n<p>Tak humorystycznie to spok\u00f3j, cierpliwo\u015b\u0107 i u\u015bmiech dla osoby, kt\u00f3ra robi monta\u017c razem z Tob\u0105 \ud83d\ude09<\/p>\n<p><\/p>\n<p>A tak bardziej na powa\u017cnie, fachowo i doradczo? Zrobi\u0119 o tym specjalny wpis \ud83d\ude09<\/p>\n<p><\/p>\t\t\t\t\t\t\t\t<\/div>\n\t\t\t\t<\/div>\n\t\t\t\t\t<\/div>\n\t\t\t\t<\/div>\n\t\t\t\t<\/div>\n\t\t","protected":false},"excerpt":{"rendered":"<p>Wyb\u00f3r mebli kuchennych cz\u0119sto przyprawia nas o zawr\u00f3t g\u0142owy. Dost\u0119pno\u015b\u0107 na rynku jest tak du\u017ca, \u017ce podj\u0119cie decyzji bywa bardzo trudne. Mo\u017ce gdyby wyb\u00f3r ogranicza\u0142 si\u0119 jedynie do kolorystyki, a pierwsze skrzypce gra\u0142aby estetyka to decyzja by\u0142aby \u0142atwiejsza. Niestety nie tylko o estetyk\u0119 nam chodzi. No dobrze, ale we\u017amy na pocz\u0105tek sam\u0105 estetyk\u0119. Przyjrzyjmy si\u0119 [&hellip;]<\/p>\n","protected":false},"author":1,"featured_media":61034,"comment_status":"closed","ping_status":"open","sticky":false,"template":"","format":"standard","meta":{"footnotes":""},"categories":[1],"tags":[],"class_list":["post-59837","post","type-post","status-publish","format-standard","has-post-thumbnail","hentry","category-bez-kategorii"],"yoast_head":"<!-- This site is optimized with the Yoast SEO Premium plugin v25.0 (Yoast SEO v25.0) - https:\/\/yoast.com\/wordpress\/plugins\/seo\/ -->\n<title>Fronty kuchenne - rodzaje, materia\u0142y i jak wybra\u0107 ten idealny<\/title>\n<meta name=\"description\" content=\"Fronty kuchenne - odkryj r\u00f3\u017cnorodne style front\u00f3w kuchennych i wybierz ten idealny dla swojej kuchni. Poradnik zakupowy dla wszystkich poszukuj\u0105cych inspira...\" \/>\n<meta name=\"robots\" content=\"index, follow, max-snippet:-1, max-image-preview:large, max-video-preview:-1\" \/>\n<link rel=\"canonical\" href=\"https:\/\/meblekuchenne.pl\/sklep\/fronty-kuchenne\/\" \/>\n<meta property=\"og:locale\" content=\"pl_PL\" \/>\n<meta property=\"og:type\" content=\"article\" \/>\n<meta property=\"og:title\" content=\"Fronty kuchenne - rodzaje, materia\u0142y i jak wybra\u0107 ten idealny\" \/>\n<meta property=\"og:description\" content=\"Fronty kuchenne - odkryj r\u00f3\u017cnorodne style front\u00f3w kuchennych i wybierz ten idealny dla swojej kuchni. Poradnik zakupowy dla wszystkich poszukuj\u0105cych inspira...\" \/>\n<meta property=\"og:url\" content=\"https:\/\/meblekuchenne.pl\/sklep\/fronty-kuchenne\/\" \/>\n<meta property=\"og:site_name\" content=\"MebleKuchenne.PL - SKLEP\" \/>\n<meta property=\"article:published_time\" content=\"2025-05-13T09:50:31+00:00\" \/>\n<meta property=\"article:modified_time\" content=\"2025-07-10T13:54:36+00:00\" \/>\n<meta property=\"og:image\" content=\"https:\/\/meblekuchenne.pl\/sklep\/wp-content\/uploads\/2025\/05\/porady-kuchenne-zdj.1_w.webp\" \/>\n\t<meta property=\"og:image:width\" content=\"1024\" \/>\n\t<meta property=\"og:image:height\" content=\"1536\" \/>\n\t<meta property=\"og:image:type\" content=\"image\/webp\" \/>\n<meta name=\"author\" content=\"saem\" \/>\n<meta name=\"twitter:card\" content=\"summary_large_image\" \/>\n<meta name=\"twitter:label1\" content=\"Napisane przez\" \/>\n\t<meta name=\"twitter:data1\" content=\"saem\" \/>\n\t<meta name=\"twitter:label2\" content=\"Szacowany czas czytania\" \/>\n\t<meta name=\"twitter:data2\" content=\"17 minut\" \/>\n<script type=\"application\/ld+json\" class=\"yoast-schema-graph\">{\"@context\":\"https:\/\/schema.org\",\"@graph\":[{\"@type\":\"Article\",\"@id\":\"https:\/\/meblekuchenne.pl\/sklep\/fronty-kuchenne\/#article\",\"isPartOf\":{\"@id\":\"https:\/\/meblekuchenne.pl\/sklep\/fronty-kuchenne\/\"},\"author\":{\"name\":\"saem\",\"@id\":\"https:\/\/meblekuchenne.pl\/sklep\/#\/schema\/person\/4a5d58e5e09236373ac8819571afb2ad\"},\"headline\":\"Fronty kuchenne &#8211; rodzaje, materia\u0142y i jak wybra\u0107 ten idealny\",\"datePublished\":\"2025-05-13T09:50:31+00:00\",\"dateModified\":\"2025-07-10T13:54:36+00:00\",\"mainEntityOfPage\":{\"@id\":\"https:\/\/meblekuchenne.pl\/sklep\/fronty-kuchenne\/\"},\"wordCount\":3199,\"publisher\":{\"@id\":\"https:\/\/meblekuchenne.pl\/sklep\/#organization\"},\"image\":{\"@id\":\"https:\/\/meblekuchenne.pl\/sklep\/fronty-kuchenne\/#primaryimage\"},\"thumbnailUrl\":\"https:\/\/meblekuchenne.pl\/sklep\/wp-content\/uploads\/2025\/05\/porady-kuchenne-zdj.1_w.webp\",\"inLanguage\":\"pl-PL\"},{\"@type\":\"WebPage\",\"@id\":\"https:\/\/meblekuchenne.pl\/sklep\/fronty-kuchenne\/\",\"url\":\"https:\/\/meblekuchenne.pl\/sklep\/fronty-kuchenne\/\",\"name\":\"Fronty kuchenne - rodzaje, materia\u0142y i jak wybra\u0107 ten idealny\",\"isPartOf\":{\"@id\":\"https:\/\/meblekuchenne.pl\/sklep\/#website\"},\"primaryImageOfPage\":{\"@id\":\"https:\/\/meblekuchenne.pl\/sklep\/fronty-kuchenne\/#primaryimage\"},\"image\":{\"@id\":\"https:\/\/meblekuchenne.pl\/sklep\/fronty-kuchenne\/#primaryimage\"},\"thumbnailUrl\":\"https:\/\/meblekuchenne.pl\/sklep\/wp-content\/uploads\/2025\/05\/porady-kuchenne-zdj.1_w.webp\",\"datePublished\":\"2025-05-13T09:50:31+00:00\",\"dateModified\":\"2025-07-10T13:54:36+00:00\",\"description\":\"Fronty kuchenne - odkryj r\u00f3\u017cnorodne style front\u00f3w kuchennych i wybierz ten idealny dla swojej kuchni. Poradnik zakupowy dla wszystkich poszukuj\u0105cych inspira...\",\"breadcrumb\":{\"@id\":\"https:\/\/meblekuchenne.pl\/sklep\/fronty-kuchenne\/#breadcrumb\"},\"inLanguage\":\"pl-PL\",\"potentialAction\":[{\"@type\":\"ReadAction\",\"target\":[\"https:\/\/meblekuchenne.pl\/sklep\/fronty-kuchenne\/\"]}]},{\"@type\":\"ImageObject\",\"inLanguage\":\"pl-PL\",\"@id\":\"https:\/\/meblekuchenne.pl\/sklep\/fronty-kuchenne\/#primaryimage\",\"url\":\"https:\/\/meblekuchenne.pl\/sklep\/wp-content\/uploads\/2025\/05\/porady-kuchenne-zdj.1_w.webp\",\"contentUrl\":\"https:\/\/meblekuchenne.pl\/sklep\/wp-content\/uploads\/2025\/05\/porady-kuchenne-zdj.1_w.webp\",\"width\":1024,\"height\":1536},{\"@type\":\"BreadcrumbList\",\"@id\":\"https:\/\/meblekuchenne.pl\/sklep\/fronty-kuchenne\/#breadcrumb\",\"itemListElement\":[{\"@type\":\"ListItem\",\"position\":1,\"name\":\"Strona g\u0142\u00f3wna\",\"item\":\"https:\/\/meblekuchenne.pl\/sklep\/\"},{\"@type\":\"ListItem\",\"position\":2,\"name\":\"Fronty kuchenne &#8211; rodzaje, materia\u0142y i jak wybra\u0107 ten idealny\"}]},{\"@type\":\"WebSite\",\"@id\":\"https:\/\/meblekuchenne.pl\/sklep\/#website\",\"url\":\"https:\/\/meblekuchenne.pl\/sklep\/\",\"name\":\"MebleKuchenne.PL - SKLEP\",\"description\":\"\",\"publisher\":{\"@id\":\"https:\/\/meblekuchenne.pl\/sklep\/#organization\"},\"potentialAction\":[{\"@type\":\"SearchAction\",\"target\":{\"@type\":\"EntryPoint\",\"urlTemplate\":\"https:\/\/meblekuchenne.pl\/sklep\/?s={search_term_string}\"},\"query-input\":{\"@type\":\"PropertyValueSpecification\",\"valueRequired\":true,\"valueName\":\"search_term_string\"}}],\"inLanguage\":\"pl-PL\"},{\"@type\":\"Organization\",\"@id\":\"https:\/\/meblekuchenne.pl\/sklep\/#organization\",\"name\":\"MebleKuchenne.PL - SKLEP\",\"url\":\"https:\/\/meblekuchenne.pl\/sklep\/\",\"logo\":{\"@type\":\"ImageObject\",\"inLanguage\":\"pl-PL\",\"@id\":\"https:\/\/meblekuchenne.pl\/sklep\/#\/schema\/logo\/image\/\",\"url\":\"https:\/\/meblekuchenne.pl\/sklep\/wp-content\/uploads\/2025\/06\/cropped-cropped-logo.webp\",\"contentUrl\":\"https:\/\/meblekuchenne.pl\/sklep\/wp-content\/uploads\/2025\/06\/cropped-cropped-logo.webp\",\"width\":735,\"height\":715,\"caption\":\"MebleKuchenne.PL - SKLEP\"},\"image\":{\"@id\":\"https:\/\/meblekuchenne.pl\/sklep\/#\/schema\/logo\/image\/\"}},{\"@type\":\"Person\",\"@id\":\"https:\/\/meblekuchenne.pl\/sklep\/#\/schema\/person\/4a5d58e5e09236373ac8819571afb2ad\",\"name\":\"saem\",\"image\":{\"@type\":\"ImageObject\",\"inLanguage\":\"pl-PL\",\"@id\":\"https:\/\/meblekuchenne.pl\/sklep\/#\/schema\/person\/image\/\",\"url\":\"https:\/\/meblekuchenne.pl\/sklep\/wp-content\/uploads\/nsl_avatars\/c704e63740b3b0ef91ab810d43b8429d.png\",\"contentUrl\":\"https:\/\/meblekuchenne.pl\/sklep\/wp-content\/uploads\/nsl_avatars\/c704e63740b3b0ef91ab810d43b8429d.png\",\"caption\":\"saem\"},\"sameAs\":[\"http:\/\/meblek88.webd.pro\/meblekuchenne\"],\"url\":\"https:\/\/meblekuchenne.pl\/sklep\/author\/saem\/\"}]}<\/script>\n<!-- \/ Yoast SEO Premium plugin. -->","yoast_head_json":{"title":"Fronty kuchenne - rodzaje, materia\u0142y i jak wybra\u0107 ten idealny","description":"Fronty kuchenne - odkryj r\u00f3\u017cnorodne style front\u00f3w kuchennych i wybierz ten idealny dla swojej kuchni. Poradnik zakupowy dla wszystkich poszukuj\u0105cych inspira...","robots":{"index":"index","follow":"follow","max-snippet":"max-snippet:-1","max-image-preview":"max-image-preview:large","max-video-preview":"max-video-preview:-1"},"canonical":"https:\/\/meblekuchenne.pl\/sklep\/fronty-kuchenne\/","og_locale":"pl_PL","og_type":"article","og_title":"Fronty kuchenne - rodzaje, materia\u0142y i jak wybra\u0107 ten idealny","og_description":"Fronty kuchenne - odkryj r\u00f3\u017cnorodne style front\u00f3w kuchennych i wybierz ten idealny dla swojej kuchni. Poradnik zakupowy dla wszystkich poszukuj\u0105cych inspira...","og_url":"https:\/\/meblekuchenne.pl\/sklep\/fronty-kuchenne\/","og_site_name":"MebleKuchenne.PL - SKLEP","article_published_time":"2025-05-13T09:50:31+00:00","article_modified_time":"2025-07-10T13:54:36+00:00","og_image":[{"width":1024,"height":1536,"url":"https:\/\/meblekuchenne.pl\/sklep\/wp-content\/uploads\/2025\/05\/porady-kuchenne-zdj.1_w.webp","type":"image\/webp"}],"author":"saem","twitter_card":"summary_large_image","twitter_misc":{"Napisane przez":"saem","Szacowany czas czytania":"17 minut"},"schema":{"@context":"https:\/\/schema.org","@graph":[{"@type":"Article","@id":"https:\/\/meblekuchenne.pl\/sklep\/fronty-kuchenne\/#article","isPartOf":{"@id":"https:\/\/meblekuchenne.pl\/sklep\/fronty-kuchenne\/"},"author":{"name":"saem","@id":"https:\/\/meblekuchenne.pl\/sklep\/#\/schema\/person\/4a5d58e5e09236373ac8819571afb2ad"},"headline":"Fronty kuchenne &#8211; rodzaje, materia\u0142y i jak wybra\u0107 ten idealny","datePublished":"2025-05-13T09:50:31+00:00","dateModified":"2025-07-10T13:54:36+00:00","mainEntityOfPage":{"@id":"https:\/\/meblekuchenne.pl\/sklep\/fronty-kuchenne\/"},"wordCount":3199,"publisher":{"@id":"https:\/\/meblekuchenne.pl\/sklep\/#organization"},"image":{"@id":"https:\/\/meblekuchenne.pl\/sklep\/fronty-kuchenne\/#primaryimage"},"thumbnailUrl":"https:\/\/meblekuchenne.pl\/sklep\/wp-content\/uploads\/2025\/05\/porady-kuchenne-zdj.1_w.webp","inLanguage":"pl-PL"},{"@type":"WebPage","@id":"https:\/\/meblekuchenne.pl\/sklep\/fronty-kuchenne\/","url":"https:\/\/meblekuchenne.pl\/sklep\/fronty-kuchenne\/","name":"Fronty kuchenne - rodzaje, materia\u0142y i jak wybra\u0107 ten idealny","isPartOf":{"@id":"https:\/\/meblekuchenne.pl\/sklep\/#website"},"primaryImageOfPage":{"@id":"https:\/\/meblekuchenne.pl\/sklep\/fronty-kuchenne\/#primaryimage"},"image":{"@id":"https:\/\/meblekuchenne.pl\/sklep\/fronty-kuchenne\/#primaryimage"},"thumbnailUrl":"https:\/\/meblekuchenne.pl\/sklep\/wp-content\/uploads\/2025\/05\/porady-kuchenne-zdj.1_w.webp","datePublished":"2025-05-13T09:50:31+00:00","dateModified":"2025-07-10T13:54:36+00:00","description":"Fronty kuchenne - odkryj r\u00f3\u017cnorodne style front\u00f3w kuchennych i wybierz ten idealny dla swojej kuchni. Poradnik zakupowy dla wszystkich poszukuj\u0105cych inspira...","breadcrumb":{"@id":"https:\/\/meblekuchenne.pl\/sklep\/fronty-kuchenne\/#breadcrumb"},"inLanguage":"pl-PL","potentialAction":[{"@type":"ReadAction","target":["https:\/\/meblekuchenne.pl\/sklep\/fronty-kuchenne\/"]}]},{"@type":"ImageObject","inLanguage":"pl-PL","@id":"https:\/\/meblekuchenne.pl\/sklep\/fronty-kuchenne\/#primaryimage","url":"https:\/\/meblekuchenne.pl\/sklep\/wp-content\/uploads\/2025\/05\/porady-kuchenne-zdj.1_w.webp","contentUrl":"https:\/\/meblekuchenne.pl\/sklep\/wp-content\/uploads\/2025\/05\/porady-kuchenne-zdj.1_w.webp","width":1024,"height":1536},{"@type":"BreadcrumbList","@id":"https:\/\/meblekuchenne.pl\/sklep\/fronty-kuchenne\/#breadcrumb","itemListElement":[{"@type":"ListItem","position":1,"name":"Strona g\u0142\u00f3wna","item":"https:\/\/meblekuchenne.pl\/sklep\/"},{"@type":"ListItem","position":2,"name":"Fronty kuchenne &#8211; rodzaje, materia\u0142y i jak wybra\u0107 ten idealny"}]},{"@type":"WebSite","@id":"https:\/\/meblekuchenne.pl\/sklep\/#website","url":"https:\/\/meblekuchenne.pl\/sklep\/","name":"MebleKuchenne.PL - SKLEP","description":"","publisher":{"@id":"https:\/\/meblekuchenne.pl\/sklep\/#organization"},"potentialAction":[{"@type":"SearchAction","target":{"@type":"EntryPoint","urlTemplate":"https:\/\/meblekuchenne.pl\/sklep\/?s={search_term_string}"},"query-input":{"@type":"PropertyValueSpecification","valueRequired":true,"valueName":"search_term_string"}}],"inLanguage":"pl-PL"},{"@type":"Organization","@id":"https:\/\/meblekuchenne.pl\/sklep\/#organization","name":"MebleKuchenne.PL - SKLEP","url":"https:\/\/meblekuchenne.pl\/sklep\/","logo":{"@type":"ImageObject","inLanguage":"pl-PL","@id":"https:\/\/meblekuchenne.pl\/sklep\/#\/schema\/logo\/image\/","url":"https:\/\/meblekuchenne.pl\/sklep\/wp-content\/uploads\/2025\/06\/cropped-cropped-logo.webp","contentUrl":"https:\/\/meblekuchenne.pl\/sklep\/wp-content\/uploads\/2025\/06\/cropped-cropped-logo.webp","width":735,"height":715,"caption":"MebleKuchenne.PL - SKLEP"},"image":{"@id":"https:\/\/meblekuchenne.pl\/sklep\/#\/schema\/logo\/image\/"}},{"@type":"Person","@id":"https:\/\/meblekuchenne.pl\/sklep\/#\/schema\/person\/4a5d58e5e09236373ac8819571afb2ad","name":"saem","image":{"@type":"ImageObject","inLanguage":"pl-PL","@id":"https:\/\/meblekuchenne.pl\/sklep\/#\/schema\/person\/image\/","url":"https:\/\/meblekuchenne.pl\/sklep\/wp-content\/uploads\/nsl_avatars\/c704e63740b3b0ef91ab810d43b8429d.png","contentUrl":"https:\/\/meblekuchenne.pl\/sklep\/wp-content\/uploads\/nsl_avatars\/c704e63740b3b0ef91ab810d43b8429d.png","caption":"saem"},"sameAs":["http:\/\/meblek88.webd.pro\/meblekuchenne"],"url":"https:\/\/meblekuchenne.pl\/sklep\/author\/saem\/"}]}},"_links":{"self":[{"href":"https:\/\/meblekuchenne.pl\/sklep\/wp-json\/wp\/v2\/posts\/59837","targetHints":{"allow":["GET"]}}],"collection":[{"href":"https:\/\/meblekuchenne.pl\/sklep\/wp-json\/wp\/v2\/posts"}],"about":[{"href":"https:\/\/meblekuchenne.pl\/sklep\/wp-json\/wp\/v2\/types\/post"}],"author":[{"embeddable":true,"href":"https:\/\/meblekuchenne.pl\/sklep\/wp-json\/wp\/v2\/users\/1"}],"replies":[{"embeddable":true,"href":"https:\/\/meblekuchenne.pl\/sklep\/wp-json\/wp\/v2\/comments?post=59837"}],"version-history":[{"count":0,"href":"https:\/\/meblekuchenne.pl\/sklep\/wp-json\/wp\/v2\/posts\/59837\/revisions"}],"wp:featuredmedia":[{"embeddable":true,"href":"https:\/\/meblekuchenne.pl\/sklep\/wp-json\/wp\/v2\/media\/61034"}],"wp:attachment":[{"href":"https:\/\/meblekuchenne.pl\/sklep\/wp-json\/wp\/v2\/media?parent=59837"}],"wp:term":[{"taxonomy":"category","embeddable":true,"href":"https:\/\/meblekuchenne.pl\/sklep\/wp-json\/wp\/v2\/categories?post=59837"},{"taxonomy":"post_tag","embeddable":true,"href":"https:\/\/meblekuchenne.pl\/sklep\/wp-json\/wp\/v2\/tags?post=59837"}],"curies":[{"name":"wp","href":"https:\/\/api.w.org\/{rel}","templated":true}]}}